{"id":131514,"date":"2025-08-07T12:41:59","date_gmt":"2025-08-07T15:41:59","guid":{"rendered":"https:\/\/www.actualidadadiario.com\/?p=131514"},"modified":"2025-08-07T12:41:59","modified_gmt":"2025-08-07T15:41:59","slug":"heridos-regresos-y-reproches-las-perlas-de-los-cierres-de-alianzas-en-las-provincias","status":"publish","type":"post","link":"https:\/\/www.actualidadadiario.com\/index.php\/2025\/08\/07\/heridos-regresos-y-reproches-las-perlas-de-los-cierres-de-alianzas-en-las-provincias\/","title":{"rendered":"Heridos, regresos y reproches: las perlas de los cierres de alianzas en las provincias"},"content":{"rendered":"<p style=\"text-align: center;\"><em><strong>La rosca final antes de que venza el plazo para oficializar los sellos que competir\u00e1n en octubre no est\u00e1 exenta de avatares por lo menos curiosos. Un repaso por los movimientos pol\u00edticos en los distritos<\/strong><\/em><\/p>\n<p>&nbsp;<\/p>\n<p>&nbsp;<\/p>\n<p>El sprint final rumbo al cierre de alianzas en las provincias para las elecciones del 26 de octubre no solo deja heridos, fracturas y recelos, sino tambi\u00e9n varias perlas que merecen atenci\u00f3n. En jornadas finales de rosca fren\u00e9tica antes de la inscripci\u00f3n de los sellos, el peronismo, La Libertad Avanza (LLA), el PRO y la Uni\u00f3n C\u00edvica Radical (UCR), entre otros, intentan acordar los frentes que competir\u00e1n para renovar media C\u00e1mara de Diputados y un tercio del Senado.<\/p>\n<p>As\u00ed las cosas, arrecian los llamados cruzados, las reuniones, los encuentros y desencuentros y las internas a cielo abierto. Tambi\u00e9n el mu\u00f1equeo de gobernadores que pasan de aliados a opositores en un abrir y cerrar de ojos, o que tamizan sus cr\u00edticas, en todos los casos para congraciarse con sus nuevos compa\u00f1eros de espacio. A continuaci\u00f3n, un repaso por los avatares que deja el \u00faltimo tramo previo al D\u00eda D.<\/p>\n<p>&nbsp;<\/p>\n<p><strong>Cortafuegos bonaerense<\/strong><\/p>\n<p>El cierre de listas en la provincia de Buenos Aires fue traum\u00e1tico para el peronismo y tambi\u00e9n para la Justicia. La noche del domingo 27 de julio cristaliz\u00f3, como pocas veces, la crisis interna que atraviesan los ap\u00f3stoles del fallecido general. Tales fueron las diferencias que debieron intervenir los tribunales y postergar el plazo para presentar las postulaciones. De fondo, cund\u00edan los sillazos entre intendentes, kirchneristas, kicillofistas y massistas.<\/p>\n<p>Con ese antecedente todav\u00eda fresco, el Juzgado Federal N\u00b01 de La Plata, a cargo de Alejo Ramos Padilla, tom\u00f3 cartas en el asunto y se anticip\u00f3 a eventuales contratiempos. Para eso, resolvi\u00f3 postergar el horario l\u00edmite para oficializar las alianzas que competir\u00e1n en octubre de las 00 horas del viernes a las 9.30 de la ma\u00f1ana. El plazo de gracia servir\u00e1 para que las fuerzas puedan, si es que lo necesitan, postergar la discusi\u00f3n a lo largo de la noche.<\/p>\n<p>Mismo camino siguieron en Jujuy, donde ampliaron el plazo hasta las 9 AM del viernes.<\/p>\n<p>Por ahora, las aguas est\u00e1n tranquilas en Fuerza Patria bonaerense. La experiencia previa sirvi\u00f3 para acomodar los melones, al menos hasta el 17 de agosto, cuando se resolver\u00e1n las candidaturas nacionales. Nadie quiere revivir el fantasma de otra velada agitada.<\/p>\n<p>&nbsp;<\/p>\n<p><strong>\u00bfRegreso con Gloria?<\/strong><\/p>\n<p>A menos de un a\u00f1o de haber sido destituida como vicegobernadora de Neuqu\u00e9n, Gloria Ruiz volver\u00e1 a las andanzas. La exn\u00famero dos de Rolando Figueroa anunci\u00f3 que ser\u00e1 candidata a diputada nacional el 26 de octubre por el espacio Desarrollo Ciudadano, en la que intentar\u00e1 ser su vuelta a las grandes ligas tras el esc\u00e1ndalo de corrupci\u00f3n que termin\u00f3 con su cargo en el Ejecutivo.<\/p>\n<p>Ruiz inscribi\u00f3 a la lista naranja para competir en la interna del espacio, siendo hasta ahora la \u00fanica anotada. La provincia patag\u00f3nica renovar\u00e1 sus tres bancas en el Senado y otras tres en la C\u00e1mara baja. La exvice apela a quedarse con uno de esos esca\u00f1os y renacer. En diciembre, la Legislatura neuquina la destituy\u00f3 por acusarla, junto a su hermano, de desviar fondos p\u00fablicos, por distintos movimientos irregulares detectados en cuentas del Banco de la Provincia de Neuqu\u00e9n (BPN).<\/p>\n<p>&nbsp;<\/p>\n<p><strong>No va m\u00e1s salte\u00f1o<\/strong><\/p>\n<p>El senador nacional y exgobernador de Salta Juan Carlos Romero anunci\u00f3 que no buscar\u00e1 la reelecci\u00f3n en octubre. &#8220;Dejo el cargo, pero no la pol\u00edtica&#8221;, aclar\u00f3, sin embargo, el experimentado dirigente, que supo acompa\u00f1ar a Carlos Menem en la f\u00f3rmula presidencial del 2003.<\/p>\n<p>De formaci\u00f3n peronista, Romero comand\u00f3 los destinos salte\u00f1os entre 1995 y 2007. Una vez finalizado su mandato, fue votado para ocupar una banca en el Senado, la misma que ostentar\u00e1 hasta diciembre de este a\u00f1o. Antes de asumir en la gobernaci\u00f3n, ya hab\u00eda pasado por la C\u00e1mara alta, donde se desempe\u00f1\u00f3 entre 1987 hasta su asunci\u00f3n en el Ejecutivo provincial.<\/p>\n<p>Actualmente, integra un monobloque llamado &#8220;Cambio Federal&#8221;, desde el que apoy\u00f3 diversas iniciativas de Javier Milei, convirti\u00e9ndose en uno de sus principales aliados legislativos. Su decisi\u00f3n de declinar una postulaci\u00f3n le abre la puerta al mandatario Gustavo S\u00e1enz para pelear por el puesto vacante. Aunque pensaba no competir, el nuevo escenario podr\u00eda empujarlo a jugar con nombres de su cantera.<\/p>\n<p>&nbsp;<\/p>\n<p><strong>Insfr\u00e1n, en piloto autom\u00e1tico<\/strong><\/p>\n<p>Mientras el peronismo se saca los ojos en otras provincias para lograr la unidad, Gildo Insfr\u00e1n va en piloto autom\u00e1tico. Tras la victoria del 29 de junio pasado en las elecciones provinciales, el norte\u00f1o reuni\u00f3 este mi\u00e9rcoles a la mesa ejecutiva del PJ y puso en valor la performance del espacio en aquel comicio en el que triunf\u00f3 &#8220;el Modelo Formose\u00f1o&#8221;.<\/p>\n<p>El gobernador aprovech\u00f3, adem\u00e1s, para &#8220;reafirmar la unidad, la solidaridad y el compromiso con el pueblo formose\u00f1o, continuamos trabajando para fortalecer este Modelo provincial que defiende los intereses de todas y todos&#8221;. Sin novedades en el frente, el justicialismo de Formosa marcha en armon\u00eda a las urnas.<\/p>\n<p>&nbsp;<\/p>\n<p><strong>Reproche libertario a&#8230; \u00bfCornejo?<\/strong><\/p>\n<p>Una de las novedades de las elecciones de octubre ser\u00e1 el debut del flamante frente que la UCR y LLA compartir\u00e1n en Mendoza. Tras m\u00faltiples especulaciones, finalmente hubo fumata blanca y cornejistas y mile\u00edstas marchar\u00e1n juntos a las urnas para no dispersar al votante liberal.<\/p>\n<p>Sin embargo, todav\u00eda hay cosas en las que trabajar. Por ejemplo, el discurso unificado. Este mi\u00e9rcoles, por caso, el diputado libertario mendocino \u00c1lvaro Mart\u00ednez clam\u00f3 por un &#8220;proyecto educativo de verdad y no por un proyecto pol\u00edtico&#8221; en la sesi\u00f3n en la C\u00e1mara baja.<\/p>\n<p>Su coterr\u00e1neo peronista Mart\u00edn Aveiro pidi\u00f3 la palabra y aclar\u00f3: &#8220;Con todo lo que dicen, quiero recordar que LLA ha hecho una alianza electoral con el gobierno radical de Mendoza, y quiero recordar que quien gobierna la Universidad Nacional de Cuyo es el radicalismo&#8221;. \u00bfFuego amigo?<\/p>\n<p>&nbsp;<\/p>\n<p><strong>El PRO y LLA, juntos en La Pampa<\/strong><\/p>\n<p>Los acuerdos entre el PRO y La Libertad Avanza en la provincia de Buenos Aires y en CABA irradian hacia otras latitudes. En la semana previa al cierre de alianzas, amarillos y violetas hicieron lo propio en La Pampa, donde desafiar\u00e1n en comuni\u00f3n al gobernador peronista Sergio Ziliotto.<\/p>\n<p>\u201cJavier Milei ya comenz\u00f3 a transformar la Argentina y, junto al PRO, decidimos unir fuerzas para llevar esa misma transformaci\u00f3n a La Pampa&#8221;, destac\u00f3 Adri\u00e1n Ravier, presidente de la LLA y candidato a diputado por la provincia. Queda, todav\u00eda, una \u00faltima parada en Entre R\u00edos, donde Rogelio Frigerio pule detalles de su alianza con la Casa Rosada. Mientras tanto, el reloj corre.<\/p>\n<p>&nbsp;<\/p>\n<p><strong>Libertarios, \u00a1afuera!<\/strong><\/p>\n<p>Por el contrario, el sanjuanino Marcelo Orrego descart\u00f3 confluir con el mile\u00edsmo y reeditar\u00e1 el frente que lo llev\u00f3 a la gobernaci\u00f3n. El sello lleva el nombre &#8220;Por San Juan&#8221; e incluye al PRO, a la UCR y el Partido Bloquista, entre otros espacios. De esta manera, dio por tierra con las especulaciones que lo posicionaban en una aglutinaci\u00f3n con LLA.<\/p>\n<p>Previamente, su par chubtense Ignacio Torres hab\u00eda abierto ese camino al relanzar su espacio &#8220;Despierta Chubut&#8221;, desechando la posibilidad de unir fuerzas con el clan Milei.<\/p>\n<p>&nbsp;<\/p>\n<p><strong>Gui\u00f1o puntano a Milei<\/strong><\/p>\n<p>Siguiendo la senda cuyana, en San Luis el gobernador Claudio Poggi devolver\u00e1 los favores recibidos y no presentar\u00e1 candidatos en octubre. \u201cPersonalmente creo que no tiene sentido y no creo conveniente la participaci\u00f3n del Frente provincial Ahora San Luis en estas elecciones nacionales a diputados\u201d, coment\u00f3 Poggi durante una actividad en Villa Mercedes.<\/p>\n<p>En mayo pasado, cuando fueron las elecciones locales, La Libertad Avanza no tuvo representaci\u00f3n oficial y sus candidatos fueron divididos en distintas listas. Eso le paviment\u00f3 el camino para una c\u00f3moda victoria al oficialismo local, que revalid\u00f3 su hegemon\u00eda en la pol\u00edtica vern\u00e1cula. Favor con favor se paga.<\/p>\n<p>&nbsp;<\/p>\n<p><strong>Los d\u00edscolos de mayo, adentro<\/strong><\/p>\n<p>Fuerte fue el golpe para el peronismo porte\u00f1o el 18 de mayo, cuando, entusiasmado por la divisi\u00f3n entre el PRO y LLA, se sinti\u00f3 ganador en la ciudad de Buenos Aires. Pero no: Manuel Adorni dio el golpe y releg\u00f3 a Leandro Santoro al segundo lugar. Para evitar ese escenario y asegurarse por lo menos retener la banca de Mariano Recalde en el Senado, Fuerza Patria sali\u00f3 a buscar a los dirigentes que fueron por la di\u00e1spora en aquel comicio: Guillermo Moreno y Juan Manuel Abal Medina.<\/p>\n<p>Ambos dieron el s\u00ed y jugar\u00e1n por dentro de la estructura oficial del PJ. De esta manera, los celestes intentar\u00e1n hacerle frente a la flamante alianza entre amarillos y violetas que, pr\u00e1cticamente, les asegura un triunfo en uno de los bastiones m\u00e1s codiciados.<\/p>\n<p>&nbsp;<\/p>\n<p><strong>Intervenciones PRO en C\u00f3rdoba y Santa Cruz<\/strong><\/p>\n<p>No en C\u00f3rdoba. La Justicia le baj\u00f3 el pulgar a la intervenci\u00f3n del PRO de C\u00f3rdoba decidida por Mauricio Macri y le dio un fuerte rev\u00e9s al expresidente en su intenci\u00f3n de sellar una alianza con LLA para desafiar al gobernador Mart\u00edn Llaryora en territorio mediterr\u00e1neo. En vez de eso, la C\u00e1mara Nacional Electoral (CNE) ratific\u00f3 al diputado Oscar Agost Carre\u00f1o, del bloque Encuentro Federal, como el presidente del partido en la provincia.<\/p>\n<p>S\u00ed en Santa Cruz. En tanto, este lunes la mesa ejecutiva del espacio fundado por Macri resolvi\u00f3 la intervenci\u00f3n del sello en territorio santacruce\u00f1o, tras recibir una notificaci\u00f3n judicial relacionada con irregularidades en la conformaci\u00f3n de sus autoridades. El dirigente que encabezar\u00e1 el proceso ser\u00e1 Gustavo Perroni, quien estar\u00e1 a cargo de la &#8220;normalizaci\u00f3n&#8221; por el plazo de 180 d\u00edas.<\/p>\n<p>&nbsp;<\/p>\n<p><strong>Reforma fueguina, sin unidad<\/strong><\/p>\n<p>El Superior Tribunal de Justicia de Tierra del Fuego, Ant\u00e1rtida e Islas del Atl\u00e1ntico Sur finalmente habilit\u00f3 la reforma constitucional impulsada por el gobernador Gustavo Melella, que ahora deber\u00e1 convocar a las elecciones para elegir a los convencionales que modificar\u00e1n la Carta Magna. El proceso hab\u00eda sido frenado el a\u00f1o pasado por supuestas irregularidades denunciadas por un legislador opositor.<\/p>\n<p>La noticia fue aire fresco para Melella, que intenta sofocar la rebeli\u00f3n de los intendentes de R\u00edo Grande, Mart\u00edn P\u00e9rez, y Tolhuin, Daniel Harrington, quienes se aprestan a encabezar una aventura propia en las elecciones de octubre, por fuera del sello Fuerza Patria, que tiene al mandatario y al alcalde de Ushuaia, Walter Vuoto, como principales referentes.<\/p>\n","protected":false},"excerpt":{"rendered":"<p>La rosca final antes de que venza el plazo para oficializar los sellos que competir\u00e1n en octubre no est\u00e1 exenta de avatares por lo menos curiosos. Un repaso por los movimientos pol\u00edticos en los distritos &nbsp; &nbsp; El sprint final rumbo al cierre de alianzas en las provincias para las elecciones del 26 de octubre no solo deja heridos, fracturas y recelos, sino tambi\u00e9n varias perlas que merecen atenci\u00f3n. En jornadas finales de rosca fren\u00e9tica antes de la inscripci\u00f3n de los sellos, el peronismo, La Libertad Avanza (LLA), el PRO&#8230;<\/p>\n","protected":false},"author":3,"featured_media":131515,"comment_status":"closed","ping_status":"closed","sticky":false,"template":"","format":"standard","meta":[],"categories":[18],"tags":[],"_links":{"self":[{"href":"https:\/\/www.actualidadadiario.com\/index.php\/wp-json\/wp\/v2\/posts\/131514"}],"collection":[{"href":"https:\/\/www.actualidadadiario.com\/index.php\/wp-json\/wp\/v2\/posts"}],"about":[{"href":"https:\/\/www.actualidadadiario.com\/index.php\/wp-json\/wp\/v2\/types\/post"}],"author":[{"embeddable":true,"href":"https:\/\/www.actualidadadiario.com\/index.php\/wp-json\/wp\/v2\/users\/3"}],"replies":[{"embeddable":true,"href":"https:\/\/www.actualidadadiario.com\/index.php\/wp-json\/wp\/v2\/comments?post=131514"}],"version-history":[{"count":1,"href":"https:\/\/www.actualidadadiario.com\/index.php\/wp-json\/wp\/v2\/posts\/131514\/revisions"}],"predecessor-version":[{"id":131516,"href":"https:\/\/www.actualidadadiario.com\/index.php\/wp-json\/wp\/v2\/posts\/131514\/revisions\/131516"}],"wp:featuredmedia":[{"embeddable":true,"href":"https:\/\/www.actualidadadiario.com\/index.php\/wp-json\/wp\/v2\/media\/131515"}],"wp:attachment":[{"href":"https:\/\/www.actualidadadiario.com\/index.php\/wp-json\/wp\/v2\/media?parent=131514"}],"wp:term":[{"taxonomy":"category","embeddable":true,"href":"https:\/\/www.actualidadadiario.com\/index.php\/wp-json\/wp\/v2\/categories?post=131514"},{"taxonomy":"post_tag","embeddable":true,"href":"https:\/\/www.actualidadadiario.com\/index.php\/wp-json\/wp\/v2\/tags?post=131514"}],"curies":[{"name":"wp","href":"https:\/\/api.w.org\/{rel}","templated":true}]}}