{"id":131505,"date":"2025-08-07T10:48:27","date_gmt":"2025-08-07T13:48:27","guid":{"rendered":"https:\/\/www.actualidadadiario.com\/?p=131505"},"modified":"2025-08-07T10:48:27","modified_gmt":"2025-08-07T13:48:27","slug":"vence-el-plazo-para-presentar-alianzas-para-las-elecciones-2025","status":"publish","type":"post","link":"https:\/\/www.actualidadadiario.com\/index.php\/2025\/08\/07\/vence-el-plazo-para-presentar-alianzas-para-las-elecciones-2025\/","title":{"rendered":"Vence el plazo para presentar alianzas para las elecciones 2025"},"content":{"rendered":"<p style=\"text-align: center;\"><em><strong>Este jueves vence el plazo legal para presentar formalmente las alianzas y competir en las elecciones 2025. En un tablero pol\u00edtico que busca orden y eficiencia, La Libertad Avanza desea posicionarse y ganar m\u00e1s legisladores en el Congreso Nacional, mientras que Uni\u00f3n por la Patria traza el camino hacia la disputa de fuerzas en la toma de decisiones legislativas<\/strong><\/em><\/p>\n<p>&nbsp;<\/p>\n<p>Despu\u00e9s del cimbronazo que sacudi\u00f3 a la oposici\u00f3n en las elecciones presidenciales de 2023, toca barajar y dar de nuevo. M\u00e1s a\u00fan despu\u00e9s de la condena a Cristina Kirchner, quien se iba a presentar como candidata a diputada provincial por la tercera secci\u00f3n. &#8220;Me encantar\u00eda meterle el \u00faltimo clavo al caj\u00f3n del kirchnerismo con Cristina adentro\u201d, dijo el presidente Javier Milei en m\u00e1s de una ocasi\u00f3n. Y sabe que las elecciones son la mejor oportunidad para ese objetivo.<\/p>\n<p>El oficialismo confirm\u00f3 la alianza con el PRO en la provincia de Buenos Aires, un territorio hist\u00f3ricamente ligado al PJ. Tambi\u00e9n sell\u00f3 negociaciones en la Ciudad. Su estrategia electoral no es azarosa: consigui\u00f3 m\u00e1s peso electoral en dos de los distritos trascendentales. Adem\u00e1s, consigui\u00f3 personer\u00eda jur\u00eddica en el resto de las provincias, por lo que ir\u00e1 como partido independiente, con listas y candidatos propios. Solo Buenos Aires es la excepci\u00f3n.<\/p>\n<p>Uni\u00f3n por la Patria sigue su camino independiente. El partido lanz\u00f3 Fuerza Patria para competir en las elecciones provinciales y reforzar su liderazgo en el territorio. Con candidatos confirmados en Ciudad y Provincia, todav\u00eda faltan los nombres de los dirigentes provinciales restantes para ocupar una banca en el Congreso Nacional.<\/p>\n<p>&nbsp;<\/p>\n<p><strong>Cu\u00e1l es el calendario electoral<\/strong><\/p>\n<p><strong>Provincia de Buenos Aires:<\/strong><\/p>\n<p>8 de agosto: empieza la campa\u00f1a electoral.<\/p>\n<p>23 de agosto: inicio de prohibici\u00f3n de realizaci\u00f3n de actos de Gobierno e inicio de publicidad electoral audiovisual.<\/p>\n<p>30 de agosto: publicaci\u00f3n de resultados de encuestas y sondeos.<\/p>\n<p>5 de septiembre: fin de la campa\u00f1a electoral y comienzo de la veda electoral.<\/p>\n<p>7 de septiembre: elecciones provinciales.<\/p>\n<p>&nbsp;<\/p>\n<p><strong>A nivel nacional:<\/strong><\/p>\n<p>7 de agosto: fin del plazo para solicitar reconocimiento de alianzas y confederaciones para participar en los comicios.<\/p>\n<p>12 de agosto: fin del plazo para solicitar asignaci\u00f3n de colores para agrupaciones nacionales y distritales que no pertenezcan a una agrupaci\u00f3n nacional.<\/p>\n<p>17 de agosto: fin del plazo para registrar candidatos para las elecciones generales.<\/p>\n<p>27 de agosto: empieza la campa\u00f1a electoral.<\/p>\n<p>1 de septiembre: audiencia p\u00fablica para exhibir el dise\u00f1o de la Boleta \u00danica de Papel con la oferta electoral. Se aprueban s\u00edmbolos partidarios, denominaci\u00f3n, fotograf\u00eda de candidatos y candidatas entradas y dem\u00e1s requisitos.<\/p>\n<p>16 de septiembre: impresi\u00f3n y publicaci\u00f3n de los padrones definitivos. Designaci\u00f3n de autoridades de mesa.<\/p>\n<p>24 de octubre: fin de la campa\u00f1a electoral<\/p>\n<p>26 de octubre: elecciones generales.<\/p>\n<p>&nbsp;<\/p>\n<p><strong>Qu\u00e9 se vota en las elecciones 2025<\/strong><\/p>\n<p>Argentina debe votar qu\u00e9 senadores y diputados entrar\u00e1n en el Congreso de la Naci\u00f3n. Actualmente, la C\u00e1mara de Diputados est\u00e1 compuesta de 257 representantes a nivel nacional y son elegidos a trav\u00e9s del mandato popular, con una duraci\u00f3n en el cargo de cuatro a\u00f1os y con la posibilidad de ser reelectos, en cada uno de los 24 distritos aut\u00f3nomos que integran el pa\u00eds. Sin embargo, las elecciones legislativas se realizan cada dos a\u00f1os, ya que la renovaci\u00f3n de la C\u00e1mara es parcial: en cada elecci\u00f3n, se elige la mitad de la sala.<\/p>\n<p>En estas elecciones, se renuevan 127 de las 257. La mayor\u00eda de las bancas actualmente las tiene la oposici\u00f3n al Gobierno de Javier Milei, con 129 en total. Le siguen los bloques dialoguistas, con 69 legisladores. En el caso de la C\u00e1mara Alta, se renuevan 24 de los 72 senadores que hay en total.<\/p>\n<p>&nbsp;<\/p>\n<p><strong>C\u00f3mo se vota con la Boleta \u00danica de Papel (BUP)<\/strong><\/p>\n<p>Marcar la opci\u00f3n de preferencia, solo en el recuadro por categor\u00eda.<\/p>\n<p>Doblar la boleta en el sentido indicado para asegurar el secreto del voto.<\/p>\n<p>Guardarlo en el sobre entregado por el presidente de mesa y cerrarlo correctamente.<\/p>\n<p>Introducirlo en la urna.<\/p>\n<p>&nbsp;<\/p>\n<p><strong>Cu\u00e1les son los documentos habilitados para votar en las elecciones 2025 <\/strong><\/p>\n<p>Libreta de Enrolamiento\/libreta c\u00edvica.<\/p>\n<p>DNI Libreta verde.<\/p>\n<p>DNI libreta celeste.<\/p>\n<p>Tarjeta del DNI libreta celeste.<\/p>\n<p>DNI tarjeta.<\/p>\n","protected":false},"excerpt":{"rendered":"<p>Este jueves vence el plazo legal para presentar formalmente las alianzas y competir en las elecciones 2025. En un tablero pol\u00edtico que busca orden y eficiencia, La Libertad Avanza desea posicionarse y ganar m\u00e1s legisladores en el Congreso Nacional, mientras que Uni\u00f3n por la Patria traza el camino hacia la disputa de fuerzas en la toma de decisiones legislativas &nbsp; Despu\u00e9s del cimbronazo que sacudi\u00f3 a la oposici\u00f3n en las elecciones presidenciales de 2023, toca barajar y dar de nuevo. M\u00e1s a\u00fan despu\u00e9s de la condena a Cristina Kirchner, quien&#8230;<\/p>\n","protected":false},"author":3,"featured_media":131506,"comment_status":"closed","ping_status":"closed","sticky":false,"template":"","format":"standard","meta":[],"categories":[9],"tags":[],"_links":{"self":[{"href":"https:\/\/www.actualidadadiario.com\/index.php\/wp-json\/wp\/v2\/posts\/131505"}],"collection":[{"href":"https:\/\/www.actualidadadiario.com\/index.php\/wp-json\/wp\/v2\/posts"}],"about":[{"href":"https:\/\/www.actualidadadiario.com\/index.php\/wp-json\/wp\/v2\/types\/post"}],"author":[{"embeddable":true,"href":"https:\/\/www.actualidadadiario.com\/index.php\/wp-json\/wp\/v2\/users\/3"}],"replies":[{"embeddable":true,"href":"https:\/\/www.actualidadadiario.com\/index.php\/wp-json\/wp\/v2\/comments?post=131505"}],"version-history":[{"count":1,"href":"https:\/\/www.actualidadadiario.com\/index.php\/wp-json\/wp\/v2\/posts\/131505\/revisions"}],"predecessor-version":[{"id":131507,"href":"https:\/\/www.actualidadadiario.com\/index.php\/wp-json\/wp\/v2\/posts\/131505\/revisions\/131507"}],"wp:featuredmedia":[{"embeddable":true,"href":"https:\/\/www.actualidadadiario.com\/index.php\/wp-json\/wp\/v2\/media\/131506"}],"wp:attachment":[{"href":"https:\/\/www.actualidadadiario.com\/index.php\/wp-json\/wp\/v2\/media?parent=131505"}],"wp:term":[{"taxonomy":"category","embeddable":true,"href":"https:\/\/www.actualidadadiario.com\/index.php\/wp-json\/wp\/v2\/categories?post=131505"},{"taxonomy":"post_tag","embeddable":true,"href":"https:\/\/www.actualidadadiario.com\/index.php\/wp-json\/wp\/v2\/tags?post=131505"}],"curies":[{"name":"wp","href":"https:\/\/api.w.org\/{rel}","templated":true}]}}