{"id":131502,"date":"2025-08-07T10:41:14","date_gmt":"2025-08-07T13:41:14","guid":{"rendered":"https:\/\/www.actualidadadiario.com\/?p=131502"},"modified":"2025-08-07T10:41:14","modified_gmt":"2025-08-07T13:41:14","slug":"despues-de-las-rebajas-en-granos-y-carnes-eliminan-retenciones-a-la-mineria","status":"publish","type":"post","link":"https:\/\/www.actualidadadiario.com\/index.php\/2025\/08\/07\/despues-de-las-rebajas-en-granos-y-carnes-eliminan-retenciones-a-la-mineria\/","title":{"rendered":"Despu\u00e9s de las rebajas en granos y carnes, eliminan retenciones a la miner\u00eda"},"content":{"rendered":"<p style=\"text-align: center;\"><em><strong>Se espera un impacto positivo para las econom\u00edas de provincias como San Juan, Jujuy, Catamarca y Santa Cruz, entre otras<\/strong><\/em><\/p>\n<p>&nbsp;<\/p>\n<p>&nbsp;<\/p>\n<p>El Gobierno elimin\u00f3 las retenciones a determinadas exportaciones mineras y espera que la medida redunde en un aumento del valor agregado y la generaci\u00f3n de empleo en las provincias productoras, en las que el sector llega a representar m\u00e1s del 80% de sus ventas al exterior.<\/p>\n<p>La reducci\u00f3n a cero de los derechos de exportaci\u00f3n de mineras metal\u00edferos, no metal\u00edferos, rocas de aplicaci\u00f3n, combustibles, piedras preciosas y\/o semipreciosas qued\u00f3 detallada en el anexo del decreto 563\/2025, publicada hoy en el Bolet\u00edn Oficial y con su implementaci\u00f3n el Gobierno espera potenciar la actividad que, a diferencia de otros pa\u00edses de la regi\u00f3n con caracter\u00edsticas geogr\u00e1ficas y geol\u00f3gicas similares, tiene una participaci\u00f3n a\u00fan marginal en el total del Producto Bruto Interno (PBI).<\/p>\n<p>Asimismo, esta eliminaci\u00f3n de retenciones se inscribe en la pol\u00edtica oficial de reducci\u00f3n de la carga impositiva en general y, en particular, de los considerados tributos \u201cdistorsivos\u201d que, adem\u00e1s, reducen la base de imposici\u00f3n de los impuestos coparticipables y, por ende, la transferencia de recursos fiscales a las provincias.<\/p>\n<p>La medida se da a conocer d\u00edas despu\u00e9s de la reducci\u00f3n de las al\u00edcuotas en los derechos de exportaci\u00f3n de carnes vacuna y aviar y granos como soja y derivados, girasol, ma\u00edz y sorgo, ante el inicio de la campa\u00f1a previa a las elecciones nacionales del 26 de octubre, en las que el oficialismo de La Libertad Avanza espera ampliar su base legislativa en provincias mineras como San Juan, Catamarca, Jujuy, Santa Cruz y Salta.<\/p>\n<p>&nbsp;<\/p>\n<p><strong>M\u00e1s del 80% de las exportaciones<\/strong><\/p>\n<p>Seg\u00fan datos de la Secretar\u00eda de Miner\u00eda, el sector represent\u00f3 m\u00e1s del 80% de las exportaciones entre enero y mayo en las provincias de Santa Cruz, Jujuy, San Juan y Catamarca y en esta \u00faltima la proporci\u00f3n trep\u00f3 al 93,4%.<\/p>\n<p>La reducci\u00f3n de retenciones representar\u00e1 para esas provincias mayores ingresos por impuestos coparticipables (principalmente Ganancias) y, en sus jurisdicciones, tambi\u00e9n por Ingresos Brutos y regal\u00edas.<\/p>\n<p>En los considerandos del decreto, el Gobierno se\u00f1al\u00f3 que el sector minero \u201crepresenta el quinto complejo exportador del pa\u00eds\u201d, pero con un potencial de crecimiento mucho mayor, \u201cespecialmente en el contexto de la transici\u00f3n energ\u00e9tica global que impulsa la demanda de minerales de los que la Rep\u00fablica Argentina posee abundantes reservas\u201d.<\/p>\n<p>Al respecto, reconoci\u00f3 la existencia de \u201cuna considerable brecha de desarrollo en comparaci\u00f3n con econom\u00edas mineras de la regi\u00f3n, donde la actividad representa hasta un 10% del PBI, frente al 1,2% en nuestro pa\u00eds\u201d.<\/p>\n<p>&nbsp;<\/p>\n<p><strong>Condiciones para la actividad minera<\/strong><\/p>\n<p>Para impulsar el desarrollo de la actividad, sostuvo que \u201cresulta necesario generar las condiciones para que dicho potencial contribuya a la recuperaci\u00f3n econ\u00f3mica, se traduzca en nuevos empleos y mayor volumen de exportaciones, en l\u00ednea con otras decisiones adoptadas por el Gobierno Nacional en materia de simplificaci\u00f3n, desburocratizaci\u00f3n, reducci\u00f3n de tr\u00e1mites, facilitaci\u00f3n del comercio, eliminaci\u00f3n de impuestos distorsivos, apertura de nuevos mercados y un mayor posicionamiento internacional\u201d.<\/p>\n<p>Para plasmarlo en hechos concretos, a\u00f1adi\u00f3 que se deben crear \u201ccondiciones favorables para la actividad minera y el comercio exterior, a trav\u00e9s de la reducci\u00f3n de los derechos de exportaci\u00f3n aplicables a un conjunto de mercader\u00edas originadas en ese sector productivo, con el fin de fortalecer la capacidad exportadora del pa\u00eds, incentivar la expansi\u00f3n hacia mercados externos y la generaci\u00f3n de empleo\u201d.<\/p>\n<p>Por \u00faltimo, advirti\u00f3 que la rebaja de retenciones se aplic\u00f3 \u201casegurando, al mismo tiempo, el cumplimiento de los compromisos asumidos en materia de equilibrio de las cuentas p\u00fablicas\u201d, para no comprometer el super\u00e1vit fiscal que el Gobierno considera \u201cinnegociable\u201d.<\/p>\n","protected":false},"excerpt":{"rendered":"<p>Se espera un impacto positivo para las econom\u00edas de provincias como San Juan, Jujuy, Catamarca y Santa Cruz, entre otras &nbsp; &nbsp; El Gobierno elimin\u00f3 las retenciones a determinadas exportaciones mineras y espera que la medida redunde en un aumento del valor agregado y la generaci\u00f3n de empleo en las provincias productoras, en las que el sector llega a representar m\u00e1s del 80% de sus ventas al exterior. La reducci\u00f3n a cero de los derechos de exportaci\u00f3n de mineras metal\u00edferos, no metal\u00edferos, rocas de aplicaci\u00f3n, combustibles, piedras preciosas y\/o semipreciosas&#8230;<\/p>\n","protected":false},"author":3,"featured_media":131503,"comment_status":"closed","ping_status":"closed","sticky":false,"template":"","format":"standard","meta":[],"categories":[2],"tags":[],"_links":{"self":[{"href":"https:\/\/www.actualidadadiario.com\/index.php\/wp-json\/wp\/v2\/posts\/131502"}],"collection":[{"href":"https:\/\/www.actualidadadiario.com\/index.php\/wp-json\/wp\/v2\/posts"}],"about":[{"href":"https:\/\/www.actualidadadiario.com\/index.php\/wp-json\/wp\/v2\/types\/post"}],"author":[{"embeddable":true,"href":"https:\/\/www.actualidadadiario.com\/index.php\/wp-json\/wp\/v2\/users\/3"}],"replies":[{"embeddable":true,"href":"https:\/\/www.actualidadadiario.com\/index.php\/wp-json\/wp\/v2\/comments?post=131502"}],"version-history":[{"count":1,"href":"https:\/\/www.actualidadadiario.com\/index.php\/wp-json\/wp\/v2\/posts\/131502\/revisions"}],"predecessor-version":[{"id":131504,"href":"https:\/\/www.actualidadadiario.com\/index.php\/wp-json\/wp\/v2\/posts\/131502\/revisions\/131504"}],"wp:featuredmedia":[{"embeddable":true,"href":"https:\/\/www.actualidadadiario.com\/index.php\/wp-json\/wp\/v2\/media\/131503"}],"wp:attachment":[{"href":"https:\/\/www.actualidadadiario.com\/index.php\/wp-json\/wp\/v2\/media?parent=131502"}],"wp:term":[{"taxonomy":"category","embeddable":true,"href":"https:\/\/www.actualidadadiario.com\/index.php\/wp-json\/wp\/v2\/categories?post=131502"},{"taxonomy":"post_tag","embeddable":true,"href":"https:\/\/www.actualidadadiario.com\/index.php\/wp-json\/wp\/v2\/tags?post=131502"}],"curies":[{"name":"wp","href":"https:\/\/api.w.org\/{rel}","templated":true}]}}