{"id":131499,"date":"2025-08-07T10:39:52","date_gmt":"2025-08-07T13:39:52","guid":{"rendered":"https:\/\/www.actualidadadiario.com\/?p=131499"},"modified":"2025-08-07T10:39:52","modified_gmt":"2025-08-07T13:39:52","slug":"uruguay-aprueba-beneficios-fiscales-en-la-frontera-para-enfrentar-la-diferencia-cambiaria-con-argentina","status":"publish","type":"post","link":"https:\/\/www.actualidadadiario.com\/index.php\/2025\/08\/07\/uruguay-aprueba-beneficios-fiscales-en-la-frontera-para-enfrentar-la-diferencia-cambiaria-con-argentina\/","title":{"rendered":"Uruguay aprueba beneficios fiscales en la frontera para enfrentar la diferencia cambiaria con Argentina"},"content":{"rendered":"<p style=\"text-align: center;\"><em><strong>La C\u00e1mara de Diputados de la Rep\u00fablica Oriental del Uruguay aprob\u00f3 por unanimidad un proyecto de ley enviado por el Poder Ejecutivo Nacional que establece una serie de medidas de apoyo al comercio en las zonas de frontera, orientadas a mitigar la diferencia cambiaria con Brasil y Argentina, espec\u00edficamente con Entre R\u00edos<\/strong><\/em><\/p>\n<p>&nbsp;<\/p>\n<p>&nbsp;<\/p>\n<p>El paquete tendr\u00e1 un costo fiscal bruto de 6 millones de d\u00f3lares y crea un r\u00e9gimen especial de comercio de frontera para importar de forma m\u00e1s simple, la reducci\u00f3n de hasta un 75 por ciento de aportes patronales de nuevos empleos formales, la eliminaci\u00f3n del IVA m\u00ednimo y la reducci\u00f3n a la mitad de la tasa b\u00e1sica, que pasar\u00eda as\u00ed del 22 al 11 por ciento.<\/p>\n<p>La iniciativa pas\u00f3 ahora al Senado, donde el Frente Amplio tiene mayor\u00eda propia y se espera un r\u00e1pido tratamiento y proceso de sanci\u00f3n.<\/p>\n<p>Cabe aclarar que la baja del IVA no opera para todas las transacciones y tiene topes: contempla las operaciones diarias que no superen el equivalente a las 2 mil Unidades Indexadas (aproximadamente 13 mil pesos uruguayos).<\/p>\n<p>La medida contempla, adem\u00e1s, un monto m\u00e1ximo mensual con transacciones de hasta 10 mil UI, es decir unos 63.600 pesos uruguayos. La ley comprende las compras de determinadas mercader\u00edas en comercios minoristas de ramos generales localizados a menos de 20 kil\u00f3metros de un paso de frontera.<\/p>\n<p>Se implementar\u00e1n en el uso de tarjetas de d\u00e9bito o instrumentos de dinero electr\u00f3nico y abarca los mismos medios para los que opera hoy el descuento de 2 puntos del IVA, pero sin aplicar a compras con tarjetas de cr\u00e9dito.<\/p>\n","protected":false},"excerpt":{"rendered":"<p>La C\u00e1mara de Diputados de la Rep\u00fablica Oriental del Uruguay aprob\u00f3 por unanimidad un proyecto de ley enviado por el Poder Ejecutivo Nacional que establece una serie de medidas de apoyo al comercio en las zonas de frontera, orientadas a mitigar la diferencia cambiaria con Brasil y Argentina, espec\u00edficamente con Entre R\u00edos &nbsp; &nbsp; El paquete tendr\u00e1 un costo fiscal bruto de 6 millones de d\u00f3lares y crea un r\u00e9gimen especial de comercio de frontera para importar de forma m\u00e1s simple, la reducci\u00f3n de hasta un 75 por ciento de&#8230;<\/p>\n","protected":false},"author":3,"featured_media":131500,"comment_status":"closed","ping_status":"closed","sticky":false,"template":"","format":"standard","meta":[],"categories":[2],"tags":[],"_links":{"self":[{"href":"https:\/\/www.actualidadadiario.com\/index.php\/wp-json\/wp\/v2\/posts\/131499"}],"collection":[{"href":"https:\/\/www.actualidadadiario.com\/index.php\/wp-json\/wp\/v2\/posts"}],"about":[{"href":"https:\/\/www.actualidadadiario.com\/index.php\/wp-json\/wp\/v2\/types\/post"}],"author":[{"embeddable":true,"href":"https:\/\/www.actualidadadiario.com\/index.php\/wp-json\/wp\/v2\/users\/3"}],"replies":[{"embeddable":true,"href":"https:\/\/www.actualidadadiario.com\/index.php\/wp-json\/wp\/v2\/comments?post=131499"}],"version-history":[{"count":1,"href":"https:\/\/www.actualidadadiario.com\/index.php\/wp-json\/wp\/v2\/posts\/131499\/revisions"}],"predecessor-version":[{"id":131501,"href":"https:\/\/www.actualidadadiario.com\/index.php\/wp-json\/wp\/v2\/posts\/131499\/revisions\/131501"}],"wp:featuredmedia":[{"embeddable":true,"href":"https:\/\/www.actualidadadiario.com\/index.php\/wp-json\/wp\/v2\/media\/131500"}],"wp:attachment":[{"href":"https:\/\/www.actualidadadiario.com\/index.php\/wp-json\/wp\/v2\/media?parent=131499"}],"wp:term":[{"taxonomy":"category","embeddable":true,"href":"https:\/\/www.actualidadadiario.com\/index.php\/wp-json\/wp\/v2\/categories?post=131499"},{"taxonomy":"post_tag","embeddable":true,"href":"https:\/\/www.actualidadadiario.com\/index.php\/wp-json\/wp\/v2\/tags?post=131499"}],"curies":[{"name":"wp","href":"https:\/\/api.w.org\/{rel}","templated":true}]}}