{"id":131496,"date":"2025-08-07T10:38:36","date_gmt":"2025-08-07T13:38:36","guid":{"rendered":"https:\/\/www.actualidadadiario.com\/?p=131496"},"modified":"2025-08-07T10:38:36","modified_gmt":"2025-08-07T13:38:36","slug":"fijaron-la-nueva-fecha-en-la-que-se-celebrara-el-dia-del-nino-en-argentina","status":"publish","type":"post","link":"https:\/\/www.actualidadadiario.com\/index.php\/2025\/08\/07\/fijaron-la-nueva-fecha-en-la-que-se-celebrara-el-dia-del-nino-en-argentina\/","title":{"rendered":"Fijaron la nueva fecha en la que se celebrar\u00e1 el D\u00eda del Ni\u00f1o en Argentina"},"content":{"rendered":"<p style=\"text-align: center;\"><em><strong>El Ejecutivo oficializ\u00f3 la medida este jueves con la publicaci\u00f3n de un decreto en el Bolet\u00edn Oficial. De esta forma qued\u00f3 establecido que la celebraci\u00f3n ser\u00e1 el tercer domingo del mes de agosto de cada a\u00f1o<\/strong><\/em><\/p>\n<p>&nbsp;<\/p>\n<p>&nbsp;<\/p>\n<p>En menos de dos semanas, las familias de todo el pa\u00eds se preparan para celebrar el \u201cD\u00eda del Ni\u00f1o\u201d, una jornada cargada de emoci\u00f3n, juegos y encuentros, especialmente esperada por las infancias.<\/p>\n<p>Este festejo no solo apunta al entretenimiento, sino que tambi\u00e9n busca visibilizar y poner en valor los derechos de los ni\u00f1os, as\u00ed como garantizar su bienestar, protecci\u00f3n y desarrollo en todos los \u00e1mbitos de la sociedad.<\/p>\n<p>En este sentido, el Gobierno nacional formaliz\u00f3 mediante el decreto 562\/2025 la celebraci\u00f3n del D\u00eda del Ni\u00f1o cada tercer domingo del mes de agosto. La normativa busca darle un marco institucional a una festividad con fuerte arraigo en la tradici\u00f3n argentina, destacando su importancia para el desarrollo integral de los m\u00e1s chicos.<\/p>\n<p>&nbsp;<\/p>\n<p><strong>La legislaci\u00f3n argentina reconoce los derechos de la ni\u00f1ez a trav\u00e9s de instrumentos<\/strong> internacionales como la Convenci\u00f3n sobre los Derechos del Ni\u00f1o, aprobada por la Asamblea General de las Naciones Unidas en 1989 y con jerarqu\u00eda constitucional en el pa\u00eds, en conformidad con lo establecido por la Constituci\u00f3n Nacional.<\/p>\n<p>&nbsp;<\/p>\n<p><strong>Un marco legal que protege desde la concepci\u00f3n hasta la mayor\u00eda de edad<\/strong><\/p>\n<p>El decreto presidencial se apoya en la Ley 23.849, que incorpora la Convenci\u00f3n de manera oficial al marco jur\u00eddico argentino. Esta ley define como ni\u00f1o \u201ca toda persona desde el momento de la concepci\u00f3n hasta los 18 a\u00f1os de edad\u201d, estableciendo as\u00ed una protecci\u00f3n integral desde las etapas m\u00e1s tempranas de la vida.<\/p>\n<p>Asimismo, se articula con la Ley 26.061, que establece el Sistema de Protecci\u00f3n Integral de los Derechos de Ni\u00f1as, Ni\u00f1os y Adolescentes. Esta normativa se\u00f1ala que la comunidad en su conjunto tiene la responsabilidad de garantizar el pleno ejercicio de estos derechos, m\u00e1s all\u00e1 de lo que hagan las autoridades.<\/p>\n<p>En su argumentaci\u00f3n, el decreto remarca la necesidad de \u201cfomentar la reflexi\u00f3n, incentivar el entretenimiento y remarcar la importancia de su rol en la comunidad\u201d. El objetivo es involucrar tanto a los organismos del Estado como a la ciudadan\u00eda en la protecci\u00f3n y promoci\u00f3n de los derechos de la ni\u00f1ez.<\/p>\n<p>&nbsp;<\/p>\n<p><strong>&#8220;Los ni\u00f1os son un pilar fundamental de nuestra Naci\u00f3n&#8221;<\/strong><\/p>\n<p>El considerando del texto legal resalta: \u201cLos ni\u00f1os son un pilar fundamental de nuestra Naci\u00f3n, tanto dentro de sus familias como en la sociedad en general\u201d, y agrega: \u201cConstituye una tradici\u00f3n arraigada en nuestro pa\u00eds, la celebraci\u00f3n de una festividad dedicada a los ni\u00f1os, conocida como \u2018D\u00eda del Ni\u00f1o\u2019, que se lleva a cabo el tercer domingo del mes de agosto de cada a\u00f1o\u201d.<\/p>\n<p>Este a\u00f1o, la celebraci\u00f3n coincide con el feriado del 17 de agosto, en conmemoraci\u00f3n del fallecimiento del General San Mart\u00edn. Adem\u00e1s, el viernes 15 fue declarado d\u00eda no laborable con fines tur\u00edsticos, lo que configura un fin de semana largo ideal para las familias que puedan aprovecharlo para viajar, pasear o compartir tiempo juntos.<\/p>\n<p>En v\u00edsperas del acontecimiento, se prev\u00e9n actividades recreativas, sorteos, propuestas culturales y comerciales enfocadas en la ni\u00f1ez. Entre ellas, iniciativas de municipios, ONGs y empresas que buscan hacer de este d\u00eda una experiencia inolvidable para los m\u00e1s peque\u00f1os.<\/p>\n<p>&nbsp;<\/p>\n<p><strong>Una tradici\u00f3n que evoluciona sin perder su esencia<\/strong><\/p>\n<p>El D\u00eda del Ni\u00f1o tiene una larga historia en Argentina. Durante d\u00e9cadas, se celebr\u00f3 el primer domingo de agosto, hasta que en 2003 se traslad\u00f3 al segundo domingo del mes para mejorar la organizaci\u00f3n comercial y facilitar la compra de regalos. En 2013 volvi\u00f3 a modificarse, instal\u00e1ndose de forma habitual en el tercer domingo de agosto.<\/p>\n<p>M\u00e1s all\u00e1 del enfoque comercial, la industria del juguete insiste en que esta jornada se convierta en una oportunidad para regalar tiempo, creatividad y experiencias compartidas, aspectos fundamentales en el desarrollo infantil.<\/p>\n","protected":false},"excerpt":{"rendered":"<p>El Ejecutivo oficializ\u00f3 la medida este jueves con la publicaci\u00f3n de un decreto en el Bolet\u00edn Oficial. De esta forma qued\u00f3 establecido que la celebraci\u00f3n ser\u00e1 el tercer domingo del mes de agosto de cada a\u00f1o &nbsp; &nbsp; En menos de dos semanas, las familias de todo el pa\u00eds se preparan para celebrar el \u201cD\u00eda del Ni\u00f1o\u201d, una jornada cargada de emoci\u00f3n, juegos y encuentros, especialmente esperada por las infancias. Este festejo no solo apunta al entretenimiento, sino que tambi\u00e9n busca visibilizar y poner en valor los derechos de los&#8230;<\/p>\n","protected":false},"author":3,"featured_media":131497,"comment_status":"closed","ping_status":"closed","sticky":false,"template":"","format":"standard","meta":[],"categories":[2],"tags":[],"_links":{"self":[{"href":"https:\/\/www.actualidadadiario.com\/index.php\/wp-json\/wp\/v2\/posts\/131496"}],"collection":[{"href":"https:\/\/www.actualidadadiario.com\/index.php\/wp-json\/wp\/v2\/posts"}],"about":[{"href":"https:\/\/www.actualidadadiario.com\/index.php\/wp-json\/wp\/v2\/types\/post"}],"author":[{"embeddable":true,"href":"https:\/\/www.actualidadadiario.com\/index.php\/wp-json\/wp\/v2\/users\/3"}],"replies":[{"embeddable":true,"href":"https:\/\/www.actualidadadiario.com\/index.php\/wp-json\/wp\/v2\/comments?post=131496"}],"version-history":[{"count":1,"href":"https:\/\/www.actualidadadiario.com\/index.php\/wp-json\/wp\/v2\/posts\/131496\/revisions"}],"predecessor-version":[{"id":131498,"href":"https:\/\/www.actualidadadiario.com\/index.php\/wp-json\/wp\/v2\/posts\/131496\/revisions\/131498"}],"wp:featuredmedia":[{"embeddable":true,"href":"https:\/\/www.actualidadadiario.com\/index.php\/wp-json\/wp\/v2\/media\/131497"}],"wp:attachment":[{"href":"https:\/\/www.actualidadadiario.com\/index.php\/wp-json\/wp\/v2\/media?parent=131496"}],"wp:term":[{"taxonomy":"category","embeddable":true,"href":"https:\/\/www.actualidadadiario.com\/index.php\/wp-json\/wp\/v2\/categories?post=131496"},{"taxonomy":"post_tag","embeddable":true,"href":"https:\/\/www.actualidadadiario.com\/index.php\/wp-json\/wp\/v2\/tags?post=131496"}],"curies":[{"name":"wp","href":"https:\/\/api.w.org\/{rel}","templated":true}]}}