{"id":131488,"date":"2025-08-07T10:33:05","date_gmt":"2025-08-07T13:33:05","guid":{"rendered":"https:\/\/www.actualidadadiario.com\/?p=131488"},"modified":"2025-08-07T10:33:05","modified_gmt":"2025-08-07T13:33:05","slug":"cae-el-empleo-formal-y-se-dispara-la-informalidad","status":"publish","type":"post","link":"https:\/\/www.actualidadadiario.com\/index.php\/2025\/08\/07\/cae-el-empleo-formal-y-se-dispara-la-informalidad\/","title":{"rendered":"Cae el empleo formal y se dispara la informalidad"},"content":{"rendered":"<p style=\"text-align: center;\"><em><strong>Seg\u00fan el \u00faltimo informe casi 9 millones de argentinos trabajan en negro. Crece la informalidad y se profundiza la precariedad laboral en todo el pa\u00eds<\/strong><\/em><\/p>\n<p>&nbsp;<\/p>\n<p>&nbsp;<\/p>\n<p>En medio de una econom\u00eda en recesi\u00f3n, la informalidad laboral sigue ganando terreno en Argentina y ya afecta a casi 9 millones de personas. Los sectores m\u00e1s impactados: construcci\u00f3n, agro, gastronom\u00eda y servicio dom\u00e9stico. A pesar de una leve reactivaci\u00f3n, el empleo formal sigue sin despegar y crece la preocupaci\u00f3n por el aumento sostenido de la precarizaci\u00f3n.<\/p>\n<p>&nbsp;<\/p>\n<p><strong>Qu\u00e9 dicen los n\u00fameros: informalidad en alza y empleo registrado estancado<\/strong><\/p>\n<p>Seg\u00fan un informe de Argendata, basado en datos del Indec, el 42% de los trabajadores en Argentina est\u00e1n en la informalidad. Se trata de unos 8,8 millones de personas, de las cuales 5,5 millones son asalariados sin aportes de sus empleadores y 3,3 millones son cuentapropistas o patrones no registrados.<\/p>\n<p>El dato representa una suba de 1,2 puntos interanuales, ya que en el primer trimestre de 2024 el nivel de informalidad era del 40,8%.<\/p>\n<p>&nbsp;<\/p>\n<p><strong>J\u00f3venes, mujeres y adultos mayores, los m\u00e1s afectados<\/strong><\/p>\n<p>Los datos oficiales muestran que los grupos m\u00e1s expuestos al empleo informal son:<\/p>\n<ul>\n<li>J\u00f3venes hasta 29 a\u00f1os: 58,7%<\/li>\n<li>Mayores de 65 a\u00f1os: 49,5%<\/li>\n<li>Mujeres: 43,4% frente al 40,9% de los hombres<\/li>\n<li>Cuentapropistas: 62,4% trabajan en negro<\/li>\n<li>Asalariados: 36,1% no registrados<\/li>\n<li>Empleadores: 19,7% tambi\u00e9n est\u00e1n fuera del sistema formal<\/li>\n<\/ul>\n<p>&nbsp;<\/p>\n<p><strong>Schteingart: \u201cEl empleo formal viene muy d\u00e9bil\u201d<\/strong><\/p>\n<p>Para el soci\u00f3logo Daniel Schteingart, referente de Fundar, \u201cel empleo formal viene muy d\u00e9bil\u201d y la informalidad seguir\u00e1 creciendo. Asegur\u00f3 que, si bien hubo \u201cuna reactivaci\u00f3n econ\u00f3mica fuerte\u201d, no fue suficiente para frenar la precarizaci\u00f3n laboral.<\/p>\n<p>\u201cEl problema es que la industria y la construcci\u00f3n son los grandes perdedores del modelo actual, y son sectores con fuerte capacidad de generar empleo formal\u201d, explic\u00f3. Adem\u00e1s, alert\u00f3 que millones de argentinos trabajan sin derechos b\u00e1sicos: sin cobertura m\u00e9dica, sin aportes previsionales, sin licencias pagas ni protecci\u00f3n ante accidentes.<\/p>\n<p>&nbsp;<\/p>\n<p><strong>Consecuencias econ\u00f3micas: evasi\u00f3n, baja productividad y desigualdad<\/strong><\/p>\n<p>La informalidad tambi\u00e9n tiene un fuerte impacto en la econom\u00eda nacional. Seg\u00fan Schteingart:<\/p>\n<ul>\n<li>Erosiona la base tributaria y complica el financiamiento del sistema previsional.<\/li>\n<li>Reduce la productividad, ya que los trabajos en negro suelen estar en sectores de baja escala y escasa capacitaci\u00f3n.<\/li>\n<li>Genera competencia desleal, afectando a quienes s\u00ed cumplen con la ley.<\/li>\n<li>Perpet\u00faa la desigualdad y la baja calidad del empleo en amplios sectores.<\/li>\n<\/ul>\n<p>&nbsp;<\/p>\n<p><strong>Subas y bajas: c\u00f3mo cambi\u00f3 la informalidad en los \u00faltimos 40 a\u00f1os<\/strong><\/p>\n<p>El informe hist\u00f3rico de Argendata muestra que la informalidad laboral tuvo varios picos:<\/p>\n<ul>\n<li>1986: 26,9%<\/li>\n<li>1995: 32,7%<\/li>\n<li>2003: 49,4% tras la crisis de 2001<\/li>\n<li>2024: 36%<\/li>\n<li>2025: 42%<\/li>\n<\/ul>\n<p>Schteingart se\u00f1al\u00f3 que, aunque los m\u00e9todos de medici\u00f3n cambiaron, hoy Argentina est\u00e1 en niveles similares a los de hace 15 a\u00f1os, con momentos a\u00fan peores tras la crisis del 2001, donde se super\u00f3 el 50%.<\/p>\n<p>&nbsp;<\/p>\n<p><strong>Presi\u00f3n tributaria y sistema mal dise\u00f1ado: causas de fondo<\/strong><\/p>\n<p>El especialista tambi\u00e9n apunt\u00f3 a los problemas estructurales del pa\u00eds: &#8220;Argentina tiene niveles muy altos de evasi\u00f3n impositiva y un sistema tributario mal dise\u00f1ado. Eso desalienta la contrataci\u00f3n en blanco&#8221;, explic\u00f3. Adem\u00e1s, la alta presi\u00f3n fiscal sobre el empleo formal encarece las relaciones laborales registradas y alienta la informalidad, especialmente en microempresas y trabajadores independientes.<\/p>\n<p>&nbsp;<\/p>\n<p><strong>Radiograf\u00eda sectorial: qui\u00e9nes est\u00e1n m\u00e1s en negro<\/strong><\/p>\n<p>Los rubros con mayor nivel de informalidad, seg\u00fan Argendata, son:<\/p>\n<ul>\n<li>Servicio dom\u00e9stico<\/li>\n<li>Construcci\u00f3n<\/li>\n<li>Gastronom\u00eda<\/li>\n<li>Agropecuario<\/li>\n<\/ul>\n<p>En todos estos casos, m\u00e1s del 60% de los trabajadores est\u00e1n en negro. La raz\u00f3n, seg\u00fan Schteingart, es clara: son sectores de baja productividad, con peque\u00f1as unidades productivas dif\u00edciles de fiscalizar y costosas de formalizar.<\/p>\n<p>En contraste, las industrias grandes, petroleras, mineras o financieras tienen tasas de informalidad inferiores al 15% gracias a su escala, fiscalizaci\u00f3n y sindicalizaci\u00f3n m\u00e1s robusta.<\/p>\n<p>&nbsp;<\/p>\n<p><strong>Norte vs. sur: el mapa de la desigualdad laboral<\/strong><\/p>\n<p>El informe revela una fuerte brecha regional:<\/p>\n<p>Provincias con m\u00e1s informalidad:<\/p>\n<ul>\n<li>Salta: 53%<\/li>\n<li>Santiago del Estero: 51,1%<\/li>\n<li>Tucum\u00e1n: 50,2%<\/li>\n<li>Corrientes: 49,7%<\/li>\n<\/ul>\n<p>&nbsp;<\/p>\n<p><strong>Provincias con menos informalidad:<\/strong><\/p>\n<ul>\n<li>Tierra del Fuego: 14,3%<\/li>\n<li>Santa Cruz: 19,4%<\/li>\n<li>Chubut: 22,4%<\/li>\n<li>Neuqu\u00e9n: 22,9%<\/li>\n<\/ul>\n<p>Schteingart lo atribuye al perfil productivo y desarrollo econ\u00f3mico: las provincias m\u00e1s pobres, con mayor peso del agro o el trabajo informal, son las m\u00e1s afectadas. Las del sur, con industrias m\u00e1s estructuradas, tienen mejores condiciones laborales.<\/p>\n","protected":false},"excerpt":{"rendered":"<p>Seg\u00fan el \u00faltimo informe casi 9 millones de argentinos trabajan en negro. Crece la informalidad y se profundiza la precariedad laboral en todo el pa\u00eds &nbsp; &nbsp; En medio de una econom\u00eda en recesi\u00f3n, la informalidad laboral sigue ganando terreno en Argentina y ya afecta a casi 9 millones de personas. Los sectores m\u00e1s impactados: construcci\u00f3n, agro, gastronom\u00eda y servicio dom\u00e9stico. A pesar de una leve reactivaci\u00f3n, el empleo formal sigue sin despegar y crece la preocupaci\u00f3n por el aumento sostenido de la precarizaci\u00f3n. &nbsp; Qu\u00e9 dicen los n\u00fameros: informalidad&#8230;<\/p>\n","protected":false},"author":3,"featured_media":130798,"comment_status":"closed","ping_status":"closed","sticky":false,"template":"","format":"standard","meta":[],"categories":[9],"tags":[],"_links":{"self":[{"href":"https:\/\/www.actualidadadiario.com\/index.php\/wp-json\/wp\/v2\/posts\/131488"}],"collection":[{"href":"https:\/\/www.actualidadadiario.com\/index.php\/wp-json\/wp\/v2\/posts"}],"about":[{"href":"https:\/\/www.actualidadadiario.com\/index.php\/wp-json\/wp\/v2\/types\/post"}],"author":[{"embeddable":true,"href":"https:\/\/www.actualidadadiario.com\/index.php\/wp-json\/wp\/v2\/users\/3"}],"replies":[{"embeddable":true,"href":"https:\/\/www.actualidadadiario.com\/index.php\/wp-json\/wp\/v2\/comments?post=131488"}],"version-history":[{"count":1,"href":"https:\/\/www.actualidadadiario.com\/index.php\/wp-json\/wp\/v2\/posts\/131488\/revisions"}],"predecessor-version":[{"id":131489,"href":"https:\/\/www.actualidadadiario.com\/index.php\/wp-json\/wp\/v2\/posts\/131488\/revisions\/131489"}],"wp:featuredmedia":[{"embeddable":true,"href":"https:\/\/www.actualidadadiario.com\/index.php\/wp-json\/wp\/v2\/media\/130798"}],"wp:attachment":[{"href":"https:\/\/www.actualidadadiario.com\/index.php\/wp-json\/wp\/v2\/media?parent=131488"}],"wp:term":[{"taxonomy":"category","embeddable":true,"href":"https:\/\/www.actualidadadiario.com\/index.php\/wp-json\/wp\/v2\/categories?post=131488"},{"taxonomy":"post_tag","embeddable":true,"href":"https:\/\/www.actualidadadiario.com\/index.php\/wp-json\/wp\/v2\/tags?post=131488"}],"curies":[{"name":"wp","href":"https:\/\/api.w.org\/{rel}","templated":true}]}}