{"id":131486,"date":"2025-08-07T09:50:45","date_gmt":"2025-08-07T12:50:45","guid":{"rendered":"https:\/\/www.actualidadadiario.com\/?p=131486"},"modified":"2025-08-07T09:50:45","modified_gmt":"2025-08-07T12:50:45","slug":"el-congreso-de-agmer-aprobara-ocupar-la-vocalia-en-oser","status":"publish","type":"post","link":"https:\/\/www.actualidadadiario.com\/index.php\/2025\/08\/07\/el-congreso-de-agmer-aprobara-ocupar-la-vocalia-en-oser\/","title":{"rendered":"El Congreso de AGMER aprobar\u00e1 ocupar la vocal\u00eda en OSER"},"content":{"rendered":"<p style=\"text-align: center;\"><em><strong>El congreso de la Asociaci\u00f3n Gremial del Magisterio de Entre R\u00edos (Agmer) que este jueves sesionar\u00e1 en Paran\u00e1 aprobar\u00e1 por abrumadora mayor\u00eda que el sindicato ocupe la vocal\u00eda que le asigna a la entidad sindical la ley de creaci\u00f3n de la Obra Social de Entre R\u00edos (OSER)<\/strong><\/em><\/p>\n<p>&nbsp;<\/p>\n<p>&nbsp;<\/p>\n<p>Este mi\u00e9rcoles ya fue ocupada la otra vocal\u00eda, asignada a la Uni\u00f3n del Personal Civil de la Naci\u00f3n (UPCN), por parte de la m\u00e9dica pediatra Flavia Maidana.<\/p>\n<p>El sindicato docente tiene previsto nominar a un dirigente para que ocupe la cuarta silla en el directorio de la OSER (se sumar\u00e1 a Mariano Gallegos, presidente; Ricardo Garc\u00eda, vice; y Flavia Maidana, vocal) pero esa nominaci\u00f3n ser\u00e1 transitoria. La idea de la entidad gremial es convocar a elecciones para que los docentes designen a quien los represente en la conducci\u00f3n de la obra social.<\/p>\n<p>El lunes 9 de junio el Poder Ejecutivo promulg\u00f3 la Ley N\u00ba11.202, sancionada el viernes 6 por la C\u00e1mara de Diputados, y que cre\u00f3 la OSER. Respecto de la conducci\u00f3n, la ley establece que la OSER \u201cser\u00e1 administrada por un directorio integrado\u201d por presidente y vicepresidente, \u201cambos designados por el Poder Ejecutivo\u201d; y dos vocales en representaci\u00f3n de los trabajadores, quienes ser\u00e1n designados por el Poder Ejecutivo, uno a propuesta del gremio mayoritario de la mesa paritaria docente (la Asociaci\u00f3n Gremial del Magisterio de Entre R\u00edos, Agmer, NdelR) y el otro a propuesta del gremio mayoritario de la mesa paritaria estatal (la Uni\u00f3n del Personal Civil de la Naci\u00f3n, UPCN).<\/p>\n<p>&nbsp;<\/p>\n<p><strong>La consulta del gremio<\/strong><\/p>\n<p>Previo al congreso de este jueves, Agmer realiz\u00f3 una encuesta que plante\u00f3: \u201cTe invitamos a dar tu opini\u00f3n sobre la conveniencia o no sobre ocupar dicho espacio en el territorio. Necesitamos de la opini\u00f3n de todas y todos, para fortalecer las medidas que adoptemos\u201d.<\/p>\n<p>La consulta es parte del material de las asambleas que se realizan entre martes y mi\u00e9rcoles en las escuelas, de una hora, autorizadas en forma excepcional por el Consejo General de Educaci\u00f3n (CGE) en funci\u00f3n de la vigencia de una resoluci\u00f3n de mayo \u00faltimo que proh\u00edbe esas actividades en horario escolar.<\/p>\n<p>\u201cUna vez m\u00e1s nos estamos convocando al debate en asambleas escolares (como tantas veces lo hemos hecho en nuestra historia) cada vez que tenemos que tomar definiciones centrales que involucran al conjunto de la docencia de la provincia. Para nosotras y nosotros la `asamblea escolar` constituye el basamento principal, que sostiene toda la estructura de la democracia sindical de nuestra Agmer\u201d, dice el texto que distribuy\u00f3 el sindicato de los maestros.<\/p>\n<p>&nbsp;<\/p>\n<p><strong>Designar\u00edan transitoriamente a un vocal<\/strong><\/p>\n<p>Los mandatos mayoritarios que llegan al congreso de este jueves en Paran\u00e1 inclinan la balanza hacia la posici\u00f3n de ocupar la vocal\u00eda de la OSER. Luego del congreso, el sindicato docente deber\u00e1 definir qu\u00e9 dirigente ocupa ese lugar.<\/p>\n<p>La idea es acordar un nombre de un dirigente poco conocido y m\u00e1s adelante convocar a elecciones para nominar a quien ocupar\u00e1 la vocal\u00eda. \u00abSi el congreso vota ocupar la vocal\u00eda, vamos a designar en forma transitoria a un dirigente. Nuestro estatuto establece que esos lugares de representaci\u00f3n se ocupan por decisi\u00f3n del voto directo de los afiliados. Y la convocatoria a una elecci\u00f3n, seg\u00fan la Ley de Asociaciones Sindicales, se necesitan 90 d\u00edas h\u00e1biles previos de convocatoria\u00bb, expres\u00f3 una fuente consultada.<\/p>\n","protected":false},"excerpt":{"rendered":"<p>El congreso de la Asociaci\u00f3n Gremial del Magisterio de Entre R\u00edos (Agmer) que este jueves sesionar\u00e1 en Paran\u00e1 aprobar\u00e1 por abrumadora mayor\u00eda que el sindicato ocupe la vocal\u00eda que le asigna a la entidad sindical la ley de creaci\u00f3n de la Obra Social de Entre R\u00edos (OSER) &nbsp; &nbsp; Este mi\u00e9rcoles ya fue ocupada la otra vocal\u00eda, asignada a la Uni\u00f3n del Personal Civil de la Naci\u00f3n (UPCN), por parte de la m\u00e9dica pediatra Flavia Maidana. El sindicato docente tiene previsto nominar a un dirigente para que ocupe la cuarta&#8230;<\/p>\n","protected":false},"author":3,"featured_media":104267,"comment_status":"closed","ping_status":"closed","sticky":false,"template":"","format":"standard","meta":[],"categories":[15],"tags":[],"_links":{"self":[{"href":"https:\/\/www.actualidadadiario.com\/index.php\/wp-json\/wp\/v2\/posts\/131486"}],"collection":[{"href":"https:\/\/www.actualidadadiario.com\/index.php\/wp-json\/wp\/v2\/posts"}],"about":[{"href":"https:\/\/www.actualidadadiario.com\/index.php\/wp-json\/wp\/v2\/types\/post"}],"author":[{"embeddable":true,"href":"https:\/\/www.actualidadadiario.com\/index.php\/wp-json\/wp\/v2\/users\/3"}],"replies":[{"embeddable":true,"href":"https:\/\/www.actualidadadiario.com\/index.php\/wp-json\/wp\/v2\/comments?post=131486"}],"version-history":[{"count":1,"href":"https:\/\/www.actualidadadiario.com\/index.php\/wp-json\/wp\/v2\/posts\/131486\/revisions"}],"predecessor-version":[{"id":131487,"href":"https:\/\/www.actualidadadiario.com\/index.php\/wp-json\/wp\/v2\/posts\/131486\/revisions\/131487"}],"wp:featuredmedia":[{"embeddable":true,"href":"https:\/\/www.actualidadadiario.com\/index.php\/wp-json\/wp\/v2\/media\/104267"}],"wp:attachment":[{"href":"https:\/\/www.actualidadadiario.com\/index.php\/wp-json\/wp\/v2\/media?parent=131486"}],"wp:term":[{"taxonomy":"category","embeddable":true,"href":"https:\/\/www.actualidadadiario.com\/index.php\/wp-json\/wp\/v2\/categories?post=131486"},{"taxonomy":"post_tag","embeddable":true,"href":"https:\/\/www.actualidadadiario.com\/index.php\/wp-json\/wp\/v2\/tags?post=131486"}],"curies":[{"name":"wp","href":"https:\/\/api.w.org\/{rel}","templated":true}]}}