{"id":131484,"date":"2025-08-07T09:50:08","date_gmt":"2025-08-07T12:50:08","guid":{"rendered":"https:\/\/www.actualidadadiario.com\/?p=131484"},"modified":"2025-08-07T09:50:08","modified_gmt":"2025-08-07T12:50:08","slug":"vuelve-el-frio-intenso","status":"publish","type":"post","link":"https:\/\/www.actualidadadiario.com\/index.php\/2025\/08\/07\/vuelve-el-frio-intenso\/","title":{"rendered":"Vuelve el fr\u00edo intenso"},"content":{"rendered":"<p style=\"text-align: center;\"><em><strong>El pron\u00f3stico indica que habr\u00e1 que sumar abrigo los pr\u00f3ximos d\u00edas en la regi\u00f3n. Por otro lado, no se prev\u00e9n lluvias por el momento<\/strong><\/em><\/p>\n<p>&nbsp;<\/p>\n<p>&nbsp;<\/p>\n<p>El Servicio Meteorol\u00f3gico Nacional -SMN- anuncia un descenso de las temperaturas para los pr\u00f3ximos d\u00edas. El incremento del fr\u00edo se comenzar\u00e1 a sentir a partir de este viernes y se prolongar\u00e1 durante el fin de semana, con temperaturas m\u00ednimas que se ubicar\u00e1n en 2, 3 y 5 grados de m\u00ednima en Entre R\u00edos.<\/p>\n<p>Por otro lado, se mantienen alejados los pron\u00f3sticos de inestabilidad y precipitaciones para la regi\u00f3n. No obstante, se espera que el cielo est\u00e9 parcialmente cubierto. En cuanto a las temperaturas m\u00e1ximas, la previsi\u00f3n del SMN indica que ser\u00e1n de entre 15 y 18 durante los d\u00edas viernes, s\u00e1bado y domingo.<\/p>\n<p>&nbsp;<\/p>\n<p><strong>Pron\u00f3stico para hoy<\/strong><\/p>\n<p>En Paran\u00e1, La Paz, Diamante, Nogoy\u00e1 y Villaguay se indican 7 grados de m\u00ednima y 18 grados de m\u00e1xima, en la capital y alrededores el cielo estar\u00e1 parcialmente nublado durante toda la jornada.<\/p>\n<p>En Concordia, Federal, Federaci\u00f3n, Feliciano y San Salvador se prev\u00e9n 8 grados de m\u00ednima y 18 grados de m\u00e1xima, all\u00ed tambi\u00e9n durante el jueves el cielo estar\u00e1 parcialmente nublado.<\/p>\n<p>En Uruguay, Gualeguaych\u00fa, Tala, Col\u00f3n e Islas del Ibicuy se esperan 7 grados de m\u00ednima y 16 grados de m\u00e1xima, en estas ciudades se anuncia que cielo estar\u00e1 mayormente nublado.<\/p>\n","protected":false},"excerpt":{"rendered":"<p>El pron\u00f3stico indica que habr\u00e1 que sumar abrigo los pr\u00f3ximos d\u00edas en la regi\u00f3n. Por otro lado, no se prev\u00e9n lluvias por el momento &nbsp; &nbsp; El Servicio Meteorol\u00f3gico Nacional -SMN- anuncia un descenso de las temperaturas para los pr\u00f3ximos d\u00edas. El incremento del fr\u00edo se comenzar\u00e1 a sentir a partir de este viernes y se prolongar\u00e1 durante el fin de semana, con temperaturas m\u00ednimas que se ubicar\u00e1n en 2, 3 y 5 grados de m\u00ednima en Entre R\u00edos. Por otro lado, se mantienen alejados los pron\u00f3sticos de inestabilidad y&#8230;<\/p>\n","protected":false},"author":3,"featured_media":104704,"comment_status":"closed","ping_status":"closed","sticky":false,"template":"","format":"standard","meta":[],"categories":[15],"tags":[],"_links":{"self":[{"href":"https:\/\/www.actualidadadiario.com\/index.php\/wp-json\/wp\/v2\/posts\/131484"}],"collection":[{"href":"https:\/\/www.actualidadadiario.com\/index.php\/wp-json\/wp\/v2\/posts"}],"about":[{"href":"https:\/\/www.actualidadadiario.com\/index.php\/wp-json\/wp\/v2\/types\/post"}],"author":[{"embeddable":true,"href":"https:\/\/www.actualidadadiario.com\/index.php\/wp-json\/wp\/v2\/users\/3"}],"replies":[{"embeddable":true,"href":"https:\/\/www.actualidadadiario.com\/index.php\/wp-json\/wp\/v2\/comments?post=131484"}],"version-history":[{"count":1,"href":"https:\/\/www.actualidadadiario.com\/index.php\/wp-json\/wp\/v2\/posts\/131484\/revisions"}],"predecessor-version":[{"id":131485,"href":"https:\/\/www.actualidadadiario.com\/index.php\/wp-json\/wp\/v2\/posts\/131484\/revisions\/131485"}],"wp:featuredmedia":[{"embeddable":true,"href":"https:\/\/www.actualidadadiario.com\/index.php\/wp-json\/wp\/v2\/media\/104704"}],"wp:attachment":[{"href":"https:\/\/www.actualidadadiario.com\/index.php\/wp-json\/wp\/v2\/media?parent=131484"}],"wp:term":[{"taxonomy":"category","embeddable":true,"href":"https:\/\/www.actualidadadiario.com\/index.php\/wp-json\/wp\/v2\/categories?post=131484"},{"taxonomy":"post_tag","embeddable":true,"href":"https:\/\/www.actualidadadiario.com\/index.php\/wp-json\/wp\/v2\/tags?post=131484"}],"curies":[{"name":"wp","href":"https:\/\/api.w.org\/{rel}","templated":true}]}}