{"id":131481,"date":"2025-08-07T09:49:24","date_gmt":"2025-08-07T12:49:24","guid":{"rendered":"https:\/\/www.actualidadadiario.com\/?p=131481"},"modified":"2025-08-07T09:49:24","modified_gmt":"2025-08-07T12:49:24","slug":"se-lanza-una-campana-de-salud-visual-infantil-en-todo-el-territorio-entrerriano","status":"publish","type":"post","link":"https:\/\/www.actualidadadiario.com\/index.php\/2025\/08\/07\/se-lanza-una-campana-de-salud-visual-infantil-en-todo-el-territorio-entrerriano\/","title":{"rendered":"Se lanza una campa\u00f1a de salud visual infantil en todo el territorio entrerriano"},"content":{"rendered":"<p style=\"text-align: center;\"><em><strong>El Gobierno de Entre R\u00edos, a trav\u00e9s del Ministerio de Desarrollo Humano, en coordinaci\u00f3n con municipios y con el apoyo del Ministerio de Capital Humano nacional, realizar\u00e1 un operativo para controlar la agudeza visual<\/strong><\/em><\/p>\n<p>&nbsp;<\/p>\n<p>&nbsp;<\/p>\n<p>La iniciativa, que forma parte del programa \u201cVer Para Ser Libres\u201d, del Ministerio de Capital Humano de la Naci\u00f3n, recorrer\u00e1 del 11 al 29 de agosto las zonas m\u00e1s vulnerables de la provincia, con paradas en 25 localidades distribuidas en los 17 departamentos entrerrianos, priorizando el acceso equitativo a la salud visual en la etapa escolar.<\/p>\n<p>El objetivo principal es detectar a tiempo problemas de visi\u00f3n que, de no ser tratados, pueden interferir en el desarrollo intelectual y educativo de las infancias. La atenci\u00f3n ser\u00e1 por orden de llegada, con una capacidad estimada de hasta 100 ni\u00f1as y ni\u00f1os por localidad. Los anteojos se entregar\u00e1n en el acto y su costo ser\u00e1 cubierto en su totalidad por el programa.<\/p>\n<p>&nbsp;<\/p>\n<p><strong>Abordaje<\/strong><\/p>\n<p>La estrategia contempla un abordaje integral en territorio, con equipamiento adaptado para realizar los controles y brindar una atenci\u00f3n accesible y de calidad. Desde el Ministerio de Desarrollo Humano se destac\u00f3 la importancia de esta pol\u00edtica p\u00fablica como herramienta concreta para garantizar derechos y mejorar la calidad de vida de las infancias entrerrianas, fortaleciendo el trabajo conjunto entre Naci\u00f3n, provincia y municipios.<\/p>\n<p>&nbsp;<\/p>\n<p><strong>Localidades que estar\u00e1n incluidas en la campa\u00f1a<\/strong><\/p>\n<p>Las localidades que recibir\u00e1n el operativo ser\u00e1n: Col\u00f3n y Ubajay (departamento Col\u00f3n), Federaci\u00f3n y San Jaime de la Frontera (Federaci\u00f3n), Federal y Sauce de Luna (Federal), San Jos\u00e9 de Feliciano (Feliciano), Gualeguaych\u00fa y Urdinarrain (Gualeguaych\u00fa), Ibicuy y Villa Paranacito (Islas del Ibicuy), La Paz y Santa Elena (La Paz), Paran\u00e1 y Villa Hernandarias (Paran\u00e1), Rosario del Tala (Tala), y Basavilbaso y Concepci\u00f3n del Uruguay (Uruguay). Tambi\u00e9n las siguientes cabeceras departamentales: Concordia, Diamante, Gualeguay, Nogoy\u00e1, San Salvador, Victoria y Villaguay.<\/p>\n","protected":false},"excerpt":{"rendered":"<p>El Gobierno de Entre R\u00edos, a trav\u00e9s del Ministerio de Desarrollo Humano, en coordinaci\u00f3n con municipios y con el apoyo del Ministerio de Capital Humano nacional, realizar\u00e1 un operativo para controlar la agudeza visual &nbsp; &nbsp; La iniciativa, que forma parte del programa \u201cVer Para Ser Libres\u201d, del Ministerio de Capital Humano de la Naci\u00f3n, recorrer\u00e1 del 11 al 29 de agosto las zonas m\u00e1s vulnerables de la provincia, con paradas en 25 localidades distribuidas en los 17 departamentos entrerrianos, priorizando el acceso equitativo a la salud visual en la&#8230;<\/p>\n","protected":false},"author":3,"featured_media":131482,"comment_status":"closed","ping_status":"closed","sticky":false,"template":"","format":"standard","meta":[],"categories":[15],"tags":[],"_links":{"self":[{"href":"https:\/\/www.actualidadadiario.com\/index.php\/wp-json\/wp\/v2\/posts\/131481"}],"collection":[{"href":"https:\/\/www.actualidadadiario.com\/index.php\/wp-json\/wp\/v2\/posts"}],"about":[{"href":"https:\/\/www.actualidadadiario.com\/index.php\/wp-json\/wp\/v2\/types\/post"}],"author":[{"embeddable":true,"href":"https:\/\/www.actualidadadiario.com\/index.php\/wp-json\/wp\/v2\/users\/3"}],"replies":[{"embeddable":true,"href":"https:\/\/www.actualidadadiario.com\/index.php\/wp-json\/wp\/v2\/comments?post=131481"}],"version-history":[{"count":1,"href":"https:\/\/www.actualidadadiario.com\/index.php\/wp-json\/wp\/v2\/posts\/131481\/revisions"}],"predecessor-version":[{"id":131483,"href":"https:\/\/www.actualidadadiario.com\/index.php\/wp-json\/wp\/v2\/posts\/131481\/revisions\/131483"}],"wp:featuredmedia":[{"embeddable":true,"href":"https:\/\/www.actualidadadiario.com\/index.php\/wp-json\/wp\/v2\/media\/131482"}],"wp:attachment":[{"href":"https:\/\/www.actualidadadiario.com\/index.php\/wp-json\/wp\/v2\/media?parent=131481"}],"wp:term":[{"taxonomy":"category","embeddable":true,"href":"https:\/\/www.actualidadadiario.com\/index.php\/wp-json\/wp\/v2\/categories?post=131481"},{"taxonomy":"post_tag","embeddable":true,"href":"https:\/\/www.actualidadadiario.com\/index.php\/wp-json\/wp\/v2\/tags?post=131481"}],"curies":[{"name":"wp","href":"https:\/\/api.w.org\/{rel}","templated":true}]}}