{"id":131478,"date":"2025-08-07T09:48:15","date_gmt":"2025-08-07T12:48:15","guid":{"rendered":"https:\/\/www.actualidadadiario.com\/?p=131478"},"modified":"2025-08-07T09:48:15","modified_gmt":"2025-08-07T12:48:15","slug":"los-candidatos-a-sindicos-de-oser-propuestos-por-el-oficialismo","status":"publish","type":"post","link":"https:\/\/www.actualidadadiario.com\/index.php\/2025\/08\/07\/los-candidatos-a-sindicos-de-oser-propuestos-por-el-oficialismo\/","title":{"rendered":"Los candidatos a s\u00edndicos de OSER propuestos por el oficialismo"},"content":{"rendered":"<p style=\"text-align: center;\"><em><strong>El oficialismo en el Senado present\u00f3 sus candidatos para la Sindicatura de la Obra Social de Entre R\u00edos (OSER), mientras la oposici\u00f3n cambiar\u00e1 su propuesta<\/strong><\/em><\/p>\n<p>&nbsp;<\/p>\n<p>&nbsp;<\/p>\n<p>En el marco del cumplimiento de la Ley Provincial N\u00b0 11.202, que regula la creaci\u00f3n y funcionamiento de la Obra Social de Entre R\u00edos (OSER), el oficialismo en el Senado provincial present\u00f3 su propuesta de terna para integrar el cuerpo de s\u00edndicos de la entidad.<\/p>\n<p>Durante la sesi\u00f3n ordinaria del martes, se dio lectura a las comunicaciones oficiales ingresadas, entre las que se incluy\u00f3 una nota del ministro secretario de Estado de Gobierno y Trabajo, Manuel Troncoso, fechada el 1\u00b0 de julio de 2025. En ella, el funcionario solicit\u00f3 a la presidenta de la C\u00e1mara de Senadores, Alicia Aluani, que se arbitren los medios para que los bloques propongan a los s\u00edndicos fiscalizadores conforme lo establece la normativa vigente.<\/p>\n<p>Desde el bloque oficialista Juntos por Entre R\u00edos (JxER) se propuso como candidatos a s\u00edndicos a Juan Carlos Paludi, Claudio Miguel Galizzi y Alejandro Badaracco, quienes deber\u00e1n ser evaluados y eventualmente designados para integrar el \u00f3rgano de control de OSER.<\/p>\n<p>&nbsp;<\/p>\n<p><strong>La oposici\u00f3n<\/strong><\/p>\n<p>Por su parte, el presidente del bloque peronista, el senador Mart\u00edn Oliva, inform\u00f3 que sus propuestos son Adri\u00e1n Alberto Buffa, Pablo Mart\u00edn Giampaolo y Jos\u00e9 Mariano Stegba\u00f1er. Sin embargo, al poco tiempo pidi\u00f3 que la lista sea desestimada ya que har\u00e1n cambios. En la pr\u00f3xima sesi\u00f3n dar\u00e1n a conocer sus candidatos definitivos.<\/p>\n<p>La Ley N\u00b0 11.202 establece en sus art\u00edculos 22 y 23 que la Sindicatura de OSER debe estar integrada por tres miembros propuestos por el oficialismo y la oposici\u00f3n en la C\u00e1mara Alta, cumpliendo funciones de control y fiscalizaci\u00f3n del funcionamiento administrativo y financiero de la obra social provincial.<\/p>\n<p>OSER, que este mi\u00e9rcoles cumpli\u00f3 dos meses de creaci\u00f3n, ya cuenta con autoridades designadas: Mariano Gallegos como presidente y Ricardo Garc\u00eda como vicepresidente, adem\u00e1s de dos vocales en representaci\u00f3n de los gremios mayoritarios. La Uni\u00f3n del Personal Civil de la Naci\u00f3n (UPCN) ya defini\u00f3 su representante, Flavia Maydana, mientras que la Asociaci\u00f3n Gremial del Magisterio de Entre R\u00edos (Agmer) a\u00fan debe resolver si ocupar\u00e1 su lugar en el directorio. Para ello, realizar\u00e1 un congreso gremial este jueves en Paran\u00e1, donde se espera una definici\u00f3n clave.<\/p>\n<p>&nbsp;<\/p>\n<p><strong>Qu\u00e9 dice la Ley<\/strong><\/p>\n<p>La Ley OSER establece que la Fiscalizaci\u00f3n de la Obra Social estar\u00e1 a cargo de dos S\u00edndicos Fiscalizadores nombrados por el Poder Ejecutivo a propuesta de la Honorable C\u00e1mara de Senadores. Los S\u00edndicos Fiscalizadores ser\u00e1n propuestos a trav\u00e9s de ternas, una por el bloque oficialista y otra por bloque opositor. Durar\u00e1n en sus funciones por un per\u00edodo de cuatro a\u00f1os, con posibilidad de renovaci\u00f3n, por un per\u00edodo adicional.<\/p>\n<p>Podr\u00e1n ser removidos, por decisi\u00f3n del Poder Ejecutivo, exclusivamente, cuando se produzca alguna de las siguientes causales: a) Por incumplir de manera reiterada las obligaciones y funciones establecidas en la normativa vigente. b) Por demostrar incompetencia t\u00e9cnica o profesional para el ejercicio de sus funciones. c) La comisi\u00f3n de actos que violen principios \u00e9ticos, normas de conducta, o que comprometan la integridad de la Obra Social. d) Por cualquier acto de malversaci\u00f3n o uso indebido de los recursos de la Obra Social. e) Incumplimiento de los dem\u00e1s deberes propios de su cargo.<\/p>\n<p>Los s\u00edndicos deber\u00e1n cumplir con los siguientes requisitos: a) Poseer t\u00edtulo de Abogado, Contador P\u00fablico Nacional o M\u00e9dico. b) Tener una antig\u00fcedad profesional comprobable m\u00ednima de 10 a\u00f1os, dentro de la provincia de Entre R\u00edos. c) No estar comprendido en las incompatibilidades previstas para los miembros del Directorio del art\u00edculo 17\u00b0.<\/p>\n<p>Entre sus deberes, se especifica que deber\u00e1n: &#8220;A) Realizar auditor\u00edas regulares sobre los estados financieros de la Obra Social, evaluando los ingresos, egresos, inversiones y distribuci\u00f3n de los recursos. b) Controlar la legalidad y transparencia de los contratos y convenios firmados por la Obra Social con proveedores, prestadores de servicios de salud, entidades p\u00fablicas y privadas. c) Supervisar el funcionamiento general de la administraci\u00f3n de la Obra Social, asegurando que las actividades se realicen de acuerdo con los principios de legalidad y transparencia. d) Supervisar la calidad de los servicios de salud ofrecidos, asegur\u00e1ndose de que cumplan con los est\u00e1ndares establecidos por la ley y las regulaciones sanitarias. e) Proporcionar informaci\u00f3n de manera peri\u00f3dica al Poder Ejecutivo y Legislativo, sobre la situaci\u00f3n financiera y econ\u00f3mica, y toda informaci\u00f3n que le fuera requerida. f) Dar intervenci\u00f3n a los organismos de contralor competentes en caso de detectar irregularidades&#8221;, public\u00f3 Diario Uno Entre R\u00edos.<\/p>\n","protected":false},"excerpt":{"rendered":"<p>El oficialismo en el Senado present\u00f3 sus candidatos para la Sindicatura de la Obra Social de Entre R\u00edos (OSER), mientras la oposici\u00f3n cambiar\u00e1 su propuesta &nbsp; &nbsp; En el marco del cumplimiento de la Ley Provincial N\u00b0 11.202, que regula la creaci\u00f3n y funcionamiento de la Obra Social de Entre R\u00edos (OSER), el oficialismo en el Senado provincial present\u00f3 su propuesta de terna para integrar el cuerpo de s\u00edndicos de la entidad. Durante la sesi\u00f3n ordinaria del martes, se dio lectura a las comunicaciones oficiales ingresadas, entre las que se&#8230;<\/p>\n","protected":false},"author":3,"featured_media":131479,"comment_status":"closed","ping_status":"closed","sticky":false,"template":"","format":"standard","meta":[],"categories":[15],"tags":[],"_links":{"self":[{"href":"https:\/\/www.actualidadadiario.com\/index.php\/wp-json\/wp\/v2\/posts\/131478"}],"collection":[{"href":"https:\/\/www.actualidadadiario.com\/index.php\/wp-json\/wp\/v2\/posts"}],"about":[{"href":"https:\/\/www.actualidadadiario.com\/index.php\/wp-json\/wp\/v2\/types\/post"}],"author":[{"embeddable":true,"href":"https:\/\/www.actualidadadiario.com\/index.php\/wp-json\/wp\/v2\/users\/3"}],"replies":[{"embeddable":true,"href":"https:\/\/www.actualidadadiario.com\/index.php\/wp-json\/wp\/v2\/comments?post=131478"}],"version-history":[{"count":1,"href":"https:\/\/www.actualidadadiario.com\/index.php\/wp-json\/wp\/v2\/posts\/131478\/revisions"}],"predecessor-version":[{"id":131480,"href":"https:\/\/www.actualidadadiario.com\/index.php\/wp-json\/wp\/v2\/posts\/131478\/revisions\/131480"}],"wp:featuredmedia":[{"embeddable":true,"href":"https:\/\/www.actualidadadiario.com\/index.php\/wp-json\/wp\/v2\/media\/131479"}],"wp:attachment":[{"href":"https:\/\/www.actualidadadiario.com\/index.php\/wp-json\/wp\/v2\/media?parent=131478"}],"wp:term":[{"taxonomy":"category","embeddable":true,"href":"https:\/\/www.actualidadadiario.com\/index.php\/wp-json\/wp\/v2\/categories?post=131478"},{"taxonomy":"post_tag","embeddable":true,"href":"https:\/\/www.actualidadadiario.com\/index.php\/wp-json\/wp\/v2\/tags?post=131478"}],"curies":[{"name":"wp","href":"https:\/\/api.w.org\/{rel}","templated":true}]}}