{"id":131475,"date":"2025-08-07T09:47:10","date_gmt":"2025-08-07T12:47:10","guid":{"rendered":"https:\/\/www.actualidadadiario.com\/?p=131475"},"modified":"2025-08-07T09:47:10","modified_gmt":"2025-08-07T12:47:10","slug":"fuerza-entre-rios-el-nombre-del-peronismo-para-las-elecciones-legislativas","status":"publish","type":"post","link":"https:\/\/www.actualidadadiario.com\/index.php\/2025\/08\/07\/fuerza-entre-rios-el-nombre-del-peronismo-para-las-elecciones-legislativas\/","title":{"rendered":"\u201cFuerza Entre R\u00edos\u201d, el nombre del peronismo para las elecciones legislativas"},"content":{"rendered":"<p style=\"text-align: center;\"><em><strong>El frente que lleva a Ad\u00e1n Bahl de candidato a senador nacional y Guillermo Michel para diputado fue inscripto en la Justicia Electoral para las legislativas del 23 de octubre<\/strong><\/em><\/p>\n<p>&nbsp;<\/p>\n<p>&nbsp;<\/p>\n<p>Los candidatos a legisladores nacionales del peronismo entrerriano, Ad\u00e1n Bahl y Guillermo Michel, presentaron el frente electoral con el que competir\u00e1n en las pr\u00f3ximas elecciones de octubre. \u201cFuerza Entre R\u00edos\u201d es el nombre que representar\u00e1 al espacio que aglutina diversos partidos pol\u00edticos.<\/p>\n<p>La presentaci\u00f3n del frente fue efectuada este mi\u00e9rcoles en la justicia electoral y este jueves se firm\u00f3 la propuesta program\u00e1tica.<\/p>\n<p>\u201cLa unidad es la fuerza para defender a los entrerrianos\u201d es la consigna del frente que encabezan Bahl y Michel. Asimismo, a trav\u00e9s de un documento, expresaron los principales conceptos de la alianza la campa\u00f1a.<\/p>\n<p>Las consignas comienzan con \u201cdefender y promover la producci\u00f3n, el trabajo, la educaci\u00f3n y la salud p\u00fablica de calidad, es el modelo de pa\u00eds y de provincia que impulsamos frente al ajuste y al programa econ\u00f3mico de (Javier) Milei y (Rogelio) Frigerio\u201d.<\/p>\n<p>\u201cEs necesario defender a los jubilados, los docentes, los cient\u00edficos, las personas con discapacidad y a todos los que se levantan d\u00eda a d\u00eda para poner en pie a Entre R\u00edos\u201d, consideran en \u201cFuerza\u201d.<\/p>\n<p>Tambi\u00e9n definen como necesario \u201cun l\u00edmite a las pol\u00edticas actuales que est\u00e1n afectando la industria nacional, las econom\u00edas regionales, las pymes y sus trabajadores, y a las universidades, motores del desarrollo del pa\u00eds y la provincia\u201d.<\/p>\n<p>Finalmente, convocan \u201ca todos los sectores sociales y a nuestra militancia a trabajar en unidad para construir una nueva esperanza para todos los entrerrianos\u201d.<\/p>\n","protected":false},"excerpt":{"rendered":"<p>El frente que lleva a Ad\u00e1n Bahl de candidato a senador nacional y Guillermo Michel para diputado fue inscripto en la Justicia Electoral para las legislativas del 23 de octubre &nbsp; &nbsp; Los candidatos a legisladores nacionales del peronismo entrerriano, Ad\u00e1n Bahl y Guillermo Michel, presentaron el frente electoral con el que competir\u00e1n en las pr\u00f3ximas elecciones de octubre. \u201cFuerza Entre R\u00edos\u201d es el nombre que representar\u00e1 al espacio que aglutina diversos partidos pol\u00edticos. La presentaci\u00f3n del frente fue efectuada este mi\u00e9rcoles en la justicia electoral y este jueves se&#8230;<\/p>\n","protected":false},"author":3,"featured_media":131476,"comment_status":"closed","ping_status":"closed","sticky":false,"template":"","format":"standard","meta":[],"categories":[15],"tags":[],"_links":{"self":[{"href":"https:\/\/www.actualidadadiario.com\/index.php\/wp-json\/wp\/v2\/posts\/131475"}],"collection":[{"href":"https:\/\/www.actualidadadiario.com\/index.php\/wp-json\/wp\/v2\/posts"}],"about":[{"href":"https:\/\/www.actualidadadiario.com\/index.php\/wp-json\/wp\/v2\/types\/post"}],"author":[{"embeddable":true,"href":"https:\/\/www.actualidadadiario.com\/index.php\/wp-json\/wp\/v2\/users\/3"}],"replies":[{"embeddable":true,"href":"https:\/\/www.actualidadadiario.com\/index.php\/wp-json\/wp\/v2\/comments?post=131475"}],"version-history":[{"count":1,"href":"https:\/\/www.actualidadadiario.com\/index.php\/wp-json\/wp\/v2\/posts\/131475\/revisions"}],"predecessor-version":[{"id":131477,"href":"https:\/\/www.actualidadadiario.com\/index.php\/wp-json\/wp\/v2\/posts\/131475\/revisions\/131477"}],"wp:featuredmedia":[{"embeddable":true,"href":"https:\/\/www.actualidadadiario.com\/index.php\/wp-json\/wp\/v2\/media\/131476"}],"wp:attachment":[{"href":"https:\/\/www.actualidadadiario.com\/index.php\/wp-json\/wp\/v2\/media?parent=131475"}],"wp:term":[{"taxonomy":"category","embeddable":true,"href":"https:\/\/www.actualidadadiario.com\/index.php\/wp-json\/wp\/v2\/categories?post=131475"},{"taxonomy":"post_tag","embeddable":true,"href":"https:\/\/www.actualidadadiario.com\/index.php\/wp-json\/wp\/v2\/tags?post=131475"}],"curies":[{"name":"wp","href":"https:\/\/api.w.org\/{rel}","templated":true}]}}