{"id":131464,"date":"2025-08-06T12:10:41","date_gmt":"2025-08-06T15:10:41","guid":{"rendered":"https:\/\/www.actualidadadiario.com\/?p=131464"},"modified":"2025-08-06T12:10:41","modified_gmt":"2025-08-06T15:10:41","slug":"pullaro-aseguro-que-saldra-un-presidente-del-bloque-provincias-unidas","status":"publish","type":"post","link":"https:\/\/www.actualidadadiario.com\/index.php\/2025\/08\/06\/pullaro-aseguro-que-saldra-un-presidente-del-bloque-provincias-unidas\/","title":{"rendered":"Pullaro asegur\u00f3 que \u00absaldr\u00e1 un presidente\u00bb del bloque Provincias Unidas"},"content":{"rendered":"<p style=\"text-align: center;\"><em><strong>El gobernador santafesino llam\u00f3 a defender el federalismo, la producci\u00f3n y un modelo de desarrollo con equilibrio fiscal<\/strong><\/em><\/p>\n<p>&nbsp;<\/p>\n<p>&nbsp;<\/p>\n<p>El gobernador de Santa Fe, Maximiliano Pullaro, anticip\u00f3 que el pr\u00f3ximo Presidente de la Naci\u00f3n surgir\u00e1 del nuevo bloque Provincias Unidas y asegur\u00f3 que se presentar\u00e1n como alternativa a La Libertad Avanza en las elecciones del a\u00f1o 2027.<\/p>\n<p>\u201cNo vamos a hacer un rejunte para una elecci\u00f3n sino construir bases s\u00f3lidas para poder marchar de manera ordenada al 2027 y presentarles a los argentinos una alternativa distinta\u201d, sostuvo en declaraciones radiales y sum\u00f3: \u201cDesde aqu\u00ed y de algunos m\u00e1s que se van a sumar va a surgir un Presidente\u201d.<\/p>\n<p>Pese a la buena sinton\u00eda con Javier Milei, Pullaro expres\u00f3 adem\u00e1s que el bloque que conforma junto a sus pares de C\u00f3rdoba, Mart\u00edn Llaryora; de Jujuy, Carlos Sadir; de Santa Cruz, Claudio Vidal; y de Chubut, Ignacio Torres, no es \u201canti Milei\u201d ni ideol\u00f3gico sino de gesti\u00f3n.<\/p>\n<p>\u201cNos reunimos diferentes provincias con una mirada de defensa del interior productivo. En Santa Fe y en C\u00f3rdoba somos el campo, la industria y los puertos, Jujuy representa la miner\u00eda y las provincias del sur representan el petr\u00f3leo\u201d, defini\u00f3, y sum\u00f3: \u201cRepresentamos las divisas que entran al pa\u00eds, no queremos volver atr\u00e1s, al populismo, que entendemos es una etapa acabada\u201d.<\/p>\n<p>En la misma l\u00ednea, propuso: \u201cNecesitamos mirar para adelante, para eso hay cuidar el equilibrio fiscal, pero hay que apostar al desarrollo y a la gesti\u00f3n p\u00fablica que nos permita sacar a nuestras provincias adelante y darle una alternativa al pa\u00eds que hace a\u00f1os que no logra establecer un modelo que lo saque de este estancamiento\u201d.<\/p>\n<p>Asimismo, remarc\u00f3: \u201cCuando hablamos de grito federal hablamos de una historia de nuestro pa\u00eds. Nuestros ciudadanos han aportado much\u00edsimo, pero lamentablemente estos recursos nunca llegan, se terminan quedando en una zona de la Rep\u00fablica Argentina y perjudica al conjunto de los argentinos\u201d.<\/p>\n<p>Por su parte, remarc\u00f3 que el bloque acompa\u00f1ar\u00e1 \u201clo bueno\u201d del Poder Ejecutivo al tiempo que proteger\u00e1n el federalismo y la industria provincial. Adem\u00e1s, anticip\u00f3 que los legisladores que responden a las provincias nucleadas acompa\u00f1ar\u00e1n el veto contra la restituci\u00f3n de la moratoria previsional, aunque marc\u00f3 matices respecto a las leyes de aumento jubilatorio y la emergencia en discapacidad.<\/p>\n<p>\u201cLos legisladores tienen autonom\u00eda. Hay algunas cosas que deber\u00edamos acompa\u00f1ar y otras que no\u201d, vaticin\u00f3 en declaraciones a radio Mitre y sum\u00f3: \u201cCuando hablamos de moratoria, hacerle un da\u00f1o a la ANSES no es lo que la Argentina necesita, pero la recomposici\u00f3n de los jubilados y la ley de discapacidad hay muchos legisladores que van a acompa\u00f1ar\u201d.<\/p>\n<p>Por \u00faltimo, Pullaro ratific\u00f3 que sus legisladores respaldar\u00e1n las dos leyes que presentaron los gobernadores para redistribuir los ATN y coparticipar el impuesto a los combustibles, y critic\u00f3 la falta de inversiones al pa\u00eds.<\/p>\n<p>\u201cLas inversiones hasta el momento no han llegado, nos adherimos al RIGI y no ha llegado ninguna inversi\u00f3n a nuestra provincia y eso ha generado dificultades porque solo est\u00e1n concentrados en la macro y no en la protecci\u00f3n de la industria y del campo que son los que nos est\u00e1n dando los d\u00f3lares para cerrar nuestra balanza comercial\u201d, concluy\u00f3.<\/p>\n","protected":false},"excerpt":{"rendered":"<p>El gobernador santafesino llam\u00f3 a defender el federalismo, la producci\u00f3n y un modelo de desarrollo con equilibrio fiscal &nbsp; &nbsp; El gobernador de Santa Fe, Maximiliano Pullaro, anticip\u00f3 que el pr\u00f3ximo Presidente de la Naci\u00f3n surgir\u00e1 del nuevo bloque Provincias Unidas y asegur\u00f3 que se presentar\u00e1n como alternativa a La Libertad Avanza en las elecciones del a\u00f1o 2027. \u201cNo vamos a hacer un rejunte para una elecci\u00f3n sino construir bases s\u00f3lidas para poder marchar de manera ordenada al 2027 y presentarles a los argentinos una alternativa distinta\u201d, sostuvo en declaraciones&#8230;<\/p>\n","protected":false},"author":3,"featured_media":131354,"comment_status":"closed","ping_status":"closed","sticky":false,"template":"","format":"standard","meta":[],"categories":[18],"tags":[],"_links":{"self":[{"href":"https:\/\/www.actualidadadiario.com\/index.php\/wp-json\/wp\/v2\/posts\/131464"}],"collection":[{"href":"https:\/\/www.actualidadadiario.com\/index.php\/wp-json\/wp\/v2\/posts"}],"about":[{"href":"https:\/\/www.actualidadadiario.com\/index.php\/wp-json\/wp\/v2\/types\/post"}],"author":[{"embeddable":true,"href":"https:\/\/www.actualidadadiario.com\/index.php\/wp-json\/wp\/v2\/users\/3"}],"replies":[{"embeddable":true,"href":"https:\/\/www.actualidadadiario.com\/index.php\/wp-json\/wp\/v2\/comments?post=131464"}],"version-history":[{"count":1,"href":"https:\/\/www.actualidadadiario.com\/index.php\/wp-json\/wp\/v2\/posts\/131464\/revisions"}],"predecessor-version":[{"id":131465,"href":"https:\/\/www.actualidadadiario.com\/index.php\/wp-json\/wp\/v2\/posts\/131464\/revisions\/131465"}],"wp:featuredmedia":[{"embeddable":true,"href":"https:\/\/www.actualidadadiario.com\/index.php\/wp-json\/wp\/v2\/media\/131354"}],"wp:attachment":[{"href":"https:\/\/www.actualidadadiario.com\/index.php\/wp-json\/wp\/v2\/media?parent=131464"}],"wp:term":[{"taxonomy":"category","embeddable":true,"href":"https:\/\/www.actualidadadiario.com\/index.php\/wp-json\/wp\/v2\/categories?post=131464"},{"taxonomy":"post_tag","embeddable":true,"href":"https:\/\/www.actualidadadiario.com\/index.php\/wp-json\/wp\/v2\/tags?post=131464"}],"curies":[{"name":"wp","href":"https:\/\/api.w.org\/{rel}","templated":true}]}}