{"id":131462,"date":"2025-08-06T12:04:11","date_gmt":"2025-08-06T15:04:11","guid":{"rendered":"https:\/\/www.actualidadadiario.com\/?p=131462"},"modified":"2025-08-06T12:04:11","modified_gmt":"2025-08-06T15:04:11","slug":"motosierra-recargada-en-2026-el-gobierno-prometio-al-fmi-ajuste-en-discapacidad-iva-a-exentos-y-suba-de-tarifas","status":"publish","type":"post","link":"https:\/\/www.actualidadadiario.com\/index.php\/2025\/08\/06\/motosierra-recargada-en-2026-el-gobierno-prometio-al-fmi-ajuste-en-discapacidad-iva-a-exentos-y-suba-de-tarifas\/","title":{"rendered":"Motosierra recargada en 2026: el Gobierno prometi\u00f3 al FMI ajuste en discapacidad, IVA a exentos y suba de tarifas"},"content":{"rendered":"<p style=\"text-align: center;\"><em><strong>Son algunos de los puntos que constan en el staff report. Habr\u00e1 &#8220;mayor racionalidad&#8221; en el gasto tributario en 2026 y reforma previsional para analizar en 2027. Se habla de &#8220;controles mejorados de elegibilidad&#8221; para pensiones<\/strong><\/em><\/p>\n<p>&nbsp;<\/p>\n<p>&nbsp;<\/p>\n<p>La meta del super\u00e1vit fiscal de la Argentina para el 2025 pas\u00f3 del 1,3% del PBI al 1,6%, seg\u00fan indica el staff report del Fondo Monetario Internacional (FMI), tras la aprobaci\u00f3n de las metas del acuerdo firmado con el pa\u00eds.<\/p>\n<p>Es 0,3 puntos m\u00e1s de lo que se indicaba en el acuerdo de abril y se trataba de un objetivo que se hab\u00eda \u201cautopropuesto\u201d el Gobierno de Javier Milei antes de ser sometido al primer examen del Fondo. Pero a la luz del hecho de no haber cumplido la meta de acumulaci\u00f3n de reservas internacionales, casi que se puede entender por qu\u00e9 se hab\u00eda hablado de un objetivo superior al necesario. Se sab\u00eda de antemano que no se iban a juntar los d\u00f3lares comprometidos, y lo \u00fanico que tiene a disposici\u00f3n el Gobierno para mostrar por s\u00ed mismo, sin necesidad de acordar con la oposici\u00f3n, es seguir recortando gastos.<\/p>\n<p>Seg\u00fan el nuevo acuerdo, el Gobierno ajustar\u00e1 sobre lo ya ajustado, como es el caso de las pensiones de discapacidad y sobre la Asignaci\u00f3n Universal por Hijo, adem\u00e1s de borrar excepciones al Impuesto al Valor Agregado (IVA). Est\u00e1 claro que el veto a las leyes que impulsaron gobernadores desde la oposici\u00f3n para el gasto en jubilaciones u otras erogaciones, es vital porque de lo contrario el pa\u00eds entrar\u00eda en un nuevo incumplimiento.<\/p>\n<p>Ahora bien, en funci\u00f3n de c\u00f3mo se viene desarrollando la din\u00e1mica fiscal actual, ese objetivo es m\u00e1s que cumplible. En el primer semestre Luis Caputo ya lleva acumulado 0,8% del PBI en super\u00e1vit primario y 0,4% del financiero.<\/p>\n<p>&nbsp;<\/p>\n<p><strong>Caputo ya tiene una gran parte de la meta cumplida<\/strong><\/p>\n<p>\u201cEl escenario base ahora supone un super\u00e1vit primario del 1,6% del PBI en 2025 (en comparaci\u00f3n con el 1,3% al momento de la aprobaci\u00f3n del programa), en consonancia con el objetivo de las autoridades\u201d, se\u00f1ala el FMI.<\/p>\n<p>Para ello, asegura \u201cser\u00e1 necesario mantener una estricta disciplina del gasto, junto con reformas fiscales en materia de impuestos, coparticipaci\u00f3n en los ingresos y pensiones, para consolidar el ancla fiscal a lo largo del tiempo\u201d.<\/p>\n<p>En ese sentido, el informe indica que se mantiene una proyecci\u00f3n del 2,5% del PBI del super\u00e1vit primario a mediano plazo. \u201cPara lo que resta de este a\u00f1o, lograr un super\u00e1vit primario del 1,6 % del PBI sigue siendo la prioridad acordada\u201d, dice el texto.<\/p>\n<p>\u201cSe est\u00e1 implementando un esfuerzo adicional de 0,3 puntos porcentuales del PBI, introducido en abril para apoyar la transici\u00f3n al nuevo r\u00e9gimen cambiario. Este mayor super\u00e1vit se sustentar\u00e1 en controles de gasto m\u00e1s estrictos, as\u00ed como en mejoras de eficiencia en los programas sociales\u201d, plantea el reporte.<\/p>\n<p>En ese sentido, el Gobierno se ha comprometido ante el Fondo a otorgar menores beneficios sociales. El reporte indica que una de las variables para asegurar ese menor pago son los \u201ccontroles mejorados de elegibilidad para las pensiones por discapacidad y la Asignaci\u00f3n Universal por Hijo (AUH), que se ven facilitados por la integraci\u00f3n de diversos conjuntos de datos sociales en un \u00fanico registro social\u201d. Eso figura como meta para fin de este a\u00f1o.<\/p>\n<p>Mientras tanto, el reporte plantea que \u201cla continuidad de la disciplina en el gasto sigue siendo esencial, e implicar\u00e1 que el gobierno se resista a nuevas iniciativas de gasto sin financiaci\u00f3n, especialmente dado que ya se proyecta que el gasto primario general aumente un 7 % en t\u00e9rminos reales este a\u00f1o\u201d. Si mencionarlo, hace referencia a los vetos del fin de semana del Poder Ejecutivo.<\/p>\n<p>&nbsp;<\/p>\n<p><strong>Proyecto de Presupuesto 2026<\/strong><\/p>\n<p>El informe de la revisi\u00f3n se\u00f1ala que \u201cel proyecto de presupuesto para 2026 se presentar\u00e1 al Congreso a finales de septiembre y se aprobar\u00e1 a finales de diciembre\u201d.<\/p>\n<p>\u201cLas autoridades se\u00f1alan que seguir\u00e1 alineado con el ancla fiscal del balance general y ser\u00e1 coherente con el aumento previsto de los costos de los intereses a medida que Argentina recupere el acceso a los mercados internacionales de capital y siga flexibilizando las restricciones cambiarias\u201d, dice el texto.<\/p>\n<p>All\u00ed se se\u00f1ala que \u201cpol\u00edticas fiscales m\u00e1s restrictivas impulsar\u00e1n el ajuste externo y una mayor acumulaci\u00f3n de reservas, a la vez que reducir\u00e1n la excesiva dependencia de la pol\u00edtica monetaria\u201d.<\/p>\n<p>\u201cLas reformas de la recaudaci\u00f3n fiscal apuntan a simplificar y mejorar la equidad y la eficiencia del sistema tributario, incluyendo la racionalizaci\u00f3n del gasto fiscal en IVA, la normalizaci\u00f3n de los impuestos especiales y la reducci\u00f3n de los impuestos distorsivos sobre el comercio y las transacciones financieras\u201d, anticipa el reporte.<\/p>\n<p>En el caso del IVA, el gasto fiscal (lo que no se cobra) al a\u00f1o equivale al 1,31% del PBI en 2025, seg\u00fan estimaciones del propio Ministerio de Econom\u00eda. Un 1,20% surge a partir de normas del propio impuesto que deja fuera de su base a algunos productos o servicios, o les aplica al\u00edcuota reducida, y 0,11% viene de reg\u00edmenes especiales de promoci\u00f3n de actividades como el RIGI. Ser\u00edan casi $10 billones este a\u00f1o.<\/p>\n<p>\u201cLas propuestas iniciales, que tambi\u00e9n se est\u00e1n preparando con el apoyo del Banco Mundial y el BID, se presentar\u00e1n a finales de diciembre de 2025 para que puedan entrar en vigor el pr\u00f3ximo a\u00f1o\u201d, dice el Staff Report.<\/p>\n<p>&nbsp;<\/p>\n<p><strong>Menores subsidios a la energ\u00eda y nueva reforma previsional<\/strong><\/p>\n<p>En materia de gastos, el FMI plantea que \u201clas autoridades reducir\u00e1n los subsidios a la energ\u00eda y acercar\u00e1n las tarifas de electricidad y gas a la recuperaci\u00f3n de costos, mejorando al mismo tiempo la calidad de los servicios y la eficiencia del mercado el\u00e9ctrico\u201d.<\/p>\n<p>\u201cAdem\u00e1s, es prioritario el desarrollo de una reforma integral de pensiones para simplificar el sistema actualmente fragmentado y mejorar la proporcionalidad entre contribuciones y beneficios incluyendo el fomento de la formalidad laboral\u201d, dice el informe, el cual precisa que ese proyecto se elevar\u00e1 a fines del 2026 para se tratado en 2027, a\u00f1o electoral.<\/p>\n<p>Tambi\u00e9n se aclara que el el borrador del Presupuesto 2026 \u201cincluir\u00e1 una evaluaci\u00f3n integral del riesgo fiscal y un marco fiscal a mediano plazo.<\/p>\n<p>\u201cSe requerir\u00e1n reformas adicionales para modificar el marco de coparticipaci\u00f3n de ingresos para armonizar mejor los incentivos fiscales entre el gobierno federal y los provinciales, as\u00ed como para reducir las elevadas rigideces presupuestarias que dificultan los ajustes ante choques externos\u201d, plantea el informe.<\/p>\n<p>El FMI indica que para fortalecer la credibilidad del ancla fiscal se deber\u00e1 incluir \u201cla regla de d\u00e9ficit fiscal global cero en la Ley de Responsabilidad Fiscal aunque con el tiempo se podr\u00eda considerar la inclusi\u00f3n de caracter\u00edsticas antic\u00edclicas y anclas de deuda adicionales\u201d.<\/p>\n","protected":false},"excerpt":{"rendered":"<p>Son algunos de los puntos que constan en el staff report. Habr\u00e1 &#8220;mayor racionalidad&#8221; en el gasto tributario en 2026 y reforma previsional para analizar en 2027. Se habla de &#8220;controles mejorados de elegibilidad&#8221; para pensiones &nbsp; &nbsp; La meta del super\u00e1vit fiscal de la Argentina para el 2025 pas\u00f3 del 1,3% del PBI al 1,6%, seg\u00fan indica el staff report del Fondo Monetario Internacional (FMI), tras la aprobaci\u00f3n de las metas del acuerdo firmado con el pa\u00eds. Es 0,3 puntos m\u00e1s de lo que se indicaba en el acuerdo&#8230;<\/p>\n","protected":false},"author":3,"featured_media":126475,"comment_status":"closed","ping_status":"closed","sticky":false,"template":"","format":"standard","meta":[],"categories":[18],"tags":[],"_links":{"self":[{"href":"https:\/\/www.actualidadadiario.com\/index.php\/wp-json\/wp\/v2\/posts\/131462"}],"collection":[{"href":"https:\/\/www.actualidadadiario.com\/index.php\/wp-json\/wp\/v2\/posts"}],"about":[{"href":"https:\/\/www.actualidadadiario.com\/index.php\/wp-json\/wp\/v2\/types\/post"}],"author":[{"embeddable":true,"href":"https:\/\/www.actualidadadiario.com\/index.php\/wp-json\/wp\/v2\/users\/3"}],"replies":[{"embeddable":true,"href":"https:\/\/www.actualidadadiario.com\/index.php\/wp-json\/wp\/v2\/comments?post=131462"}],"version-history":[{"count":1,"href":"https:\/\/www.actualidadadiario.com\/index.php\/wp-json\/wp\/v2\/posts\/131462\/revisions"}],"predecessor-version":[{"id":131463,"href":"https:\/\/www.actualidadadiario.com\/index.php\/wp-json\/wp\/v2\/posts\/131462\/revisions\/131463"}],"wp:featuredmedia":[{"embeddable":true,"href":"https:\/\/www.actualidadadiario.com\/index.php\/wp-json\/wp\/v2\/media\/126475"}],"wp:attachment":[{"href":"https:\/\/www.actualidadadiario.com\/index.php\/wp-json\/wp\/v2\/media?parent=131462"}],"wp:term":[{"taxonomy":"category","embeddable":true,"href":"https:\/\/www.actualidadadiario.com\/index.php\/wp-json\/wp\/v2\/categories?post=131462"},{"taxonomy":"post_tag","embeddable":true,"href":"https:\/\/www.actualidadadiario.com\/index.php\/wp-json\/wp\/v2\/tags?post=131462"}],"curies":[{"name":"wp","href":"https:\/\/api.w.org\/{rel}","templated":true}]}}