{"id":131457,"date":"2025-08-06T11:57:59","date_gmt":"2025-08-06T14:57:59","guid":{"rendered":"https:\/\/www.actualidadadiario.com\/?p=131457"},"modified":"2025-08-06T11:57:59","modified_gmt":"2025-08-06T14:57:59","slug":"el-gobierno-oficializo-cambios-en-la-tabla-de-incapacidades-laborales-como-sera-a-partir-de-2026","status":"publish","type":"post","link":"https:\/\/www.actualidadadiario.com\/index.php\/2025\/08\/06\/el-gobierno-oficializo-cambios-en-la-tabla-de-incapacidades-laborales-como-sera-a-partir-de-2026\/","title":{"rendered":"El Gobierno oficializ\u00f3 cambios en la tabla de incapacidades laborales: c\u00f3mo ser\u00e1 a partir de 2026"},"content":{"rendered":"<p style=\"text-align: center;\"><em><strong>La administraci\u00f3n de Javier Milei aprob\u00f3 una nueva normativa para la evaluaci\u00f3n de da\u00f1os por accidentes y enfermedades laborales. El nuevo sistema entrar\u00e1 en vigencia en febrero 2026 y reemplazara al anterior, vigente desde 1996<\/strong><\/em><\/p>\n<p>&nbsp;<\/p>\n<p>&nbsp;<\/p>\n<p>El gobierno de Javier Milei modific\u00f3 la normativa del sistema de riesgos de trabajo y aprob\u00f3 una nueva Tabla de Evaluaci\u00f3n de Incapacidades Laborales. Las modificaciones establecidas por la gesti\u00f3n libertaria se aplicar\u00e1n a partir de febrero de 2026 a toda valoraci\u00f3n o determinaci\u00f3n de incapacidad laboral que no haya sido dictada hasta ese momento.<\/p>\n<p>En detalle, los cambios fueron oficializados con la publicaci\u00f3n del Decreto 549\/2025 en el Bolet\u00edn Oficial de la fecha. La nueva norma fue firmada por el presidente Javier Milei, el jefe de Gabinete, Guillermo Francos y la ministra de Capital Humano, Sandra Pettovello.<\/p>\n<p>La medida del Gobierno viene a sustituir el Anexo I del Decreto 659\/1996 &#8211; publicado casi 30 a\u00f1os atr\u00e1s, en 1996 -, que detallaba la valoraci\u00f3n de incapacidades laborales de nuestro pa\u00eds. Los cambios plantean un nuevo escenario para los trabajadores, empleadores, aseguradoras de riesgo de trabajo y a los organismos administrativos y judiciales que deben intervenir en la resoluci\u00f3n de incapacidades por accidentes laborales y\/o aquellas que surjan a ra\u00edz de enfermedades profesionales.<\/p>\n<p>En detalle, en los considerandos de la medida el Gobierno explic\u00f3 que la &#8220;Tabla mencionada en el considerando precedente o &#8216;Baremo Laboral&#8217; tiene como objetivo fundamental garantizar la objetividad y precisi\u00f3n en la valoraci\u00f3n del da\u00f1o sufrido por el trabajador, con contemplaci\u00f3n del deterioro f\u00edsico y ps\u00edquico con un criterio uniforme y racional para el resarcimiento de las secuelas incapacitantes de car\u00e1cter permanente, bas\u00e1ndose en criterios m\u00e9dicos, cient\u00edficos y t\u00e9cnicos&#8221;.<\/p>\n<p>&#8220;Resulta de fundamental importancia poner en marcha un proceso de mejora de la calidad regulatoria y reglamentaria en materia de determinaci\u00f3n de incapacidades laborales que profundice en el cumplimiento de las finalidades y objetivos espec\u00edficos concernientes al Sistema de Riesgos del Trabajo&#8221; asegur\u00f3 el Gobierno, actualizaci\u00f3n que debe realizarse &#8220;acorde con los avances en materia tecnol\u00f3gica en el \u00e1mbito del trabajo y los progresos cient\u00edficos y m\u00e9dicos en las t\u00e9cnicas de diagn\u00f3stico y evaluaci\u00f3n&#8221;.<\/p>\n<p>En ese sentido, los cambios fueron oficializados luego de la intervenci\u00f3n del Comit\u00e9 Consultivo Permanente de la Ley sobre Riesgos del Trabajo (CCP), organismo que aprob\u00f3 por unanimidad la actualizaci\u00f3n de la tabla.<\/p>\n<p>La nueva normativa tambi\u00e9n autoriza a la Superintendencia de Riesgos del Trabajo (SRT), dependiente de la Secretar\u00eda de Trabajo, Empleo y Seguridad Social del Ministerio de Capital Humano, a dictar las normas complementarias y aclaratorias necesarias para que se implementen las modificaciones expresadas en el decreto. Por otro lado, tambi\u00e9n invita a las provincias a crear o integrar Cuerpos M\u00e9dicos Forenses con el objetivo de que la valoraci\u00f3n del da\u00f1o psicof\u00edsico se realice bajo los mismos par\u00e1metros en todo el pa\u00eds, evitando la dispersi\u00f3n de criterios y la discrecionalidad.<\/p>\n<p>As\u00ed, la tabla de evaluaci\u00f3n de incapacidades laborales entrar\u00e1 en vigencia a los 180 d\u00edas corridos desde su publicaci\u00f3n en el Bolet\u00edn Oficial, es decir, desde febrero de 2026.<\/p>\n<p>&nbsp;<\/p>\n<p><strong>Los cambios en la valoraci\u00f3n de incapacidades<\/strong><\/p>\n<p>El texto publicado en el Bolet\u00edn Oficial de la fecha explica, en sus primeras p\u00e1ginas, la metodolog\u00eda para la valoraci\u00f3n del da\u00f1o y la incapacidad producida por un accidente laboral. Adem\u00e1s, tambi\u00e9n explica los diferentes factores de ponderaci\u00f3n que se aplicar\u00e1n en cada caso, tales como tipo de actividad, edad y la posibilidad de acceder a una reubicaci\u00f3n laboral.<\/p>\n<p>De esta manera, la nueva normativa busca introducir criterios objetivos, cuantificables y homog\u00e9neos para valorar las incapacidades laborales producto de accidentes. As\u00ed, cada caso tendr\u00e1 asignado un porcentaje espec\u00edfico de incapacidad.<\/p>\n<p>El anexo I del nuevo decreto incluye un listado detallado de criterios de an\u00e1lisis y porcentajes definidos de cada lesi\u00f3n o enfermedad. Entre los cap\u00edtulos principales de la normativa se encuentran; Piel, sistema osteoarticular, oftalmolog\u00eda, otorrinolaringolog\u00eda, sistema respiratorio, sistema cardiovascular, sistema digestivo, sistema nefro-urol\u00f3gico, aparato genital masculino y femenino, sistema hematopoy\u00e9tico, sistema nervioso, psiquiatr\u00eda, infectolog\u00eda, oncolog\u00eda y toxicolog\u00eda.<\/p>\n<p>Adem\u00e1s, el texto tambi\u00e9n detalla el grado de dificultad que la insuficiencia representa para llevar a cabo las tareas habituales. En ese sentido, se establecieron tres niveles: leve (5%), intermedia (10%) y alta (20%). El grado final de incapacidad resultar\u00e1 de la aplicaci\u00f3n de las nuevas tablas y los factores de ponderaci\u00f3n nombrados anteriormente.<\/p>\n","protected":false},"excerpt":{"rendered":"<p>La administraci\u00f3n de Javier Milei aprob\u00f3 una nueva normativa para la evaluaci\u00f3n de da\u00f1os por accidentes y enfermedades laborales. El nuevo sistema entrar\u00e1 en vigencia en febrero 2026 y reemplazara al anterior, vigente desde 1996 &nbsp; &nbsp; El gobierno de Javier Milei modific\u00f3 la normativa del sistema de riesgos de trabajo y aprob\u00f3 una nueva Tabla de Evaluaci\u00f3n de Incapacidades Laborales. Las modificaciones establecidas por la gesti\u00f3n libertaria se aplicar\u00e1n a partir de febrero de 2026 a toda valoraci\u00f3n o determinaci\u00f3n de incapacidad laboral que no haya sido dictada hasta&#8230;<\/p>\n","protected":false},"author":3,"featured_media":131458,"comment_status":"closed","ping_status":"closed","sticky":false,"template":"","format":"standard","meta":[],"categories":[18],"tags":[],"_links":{"self":[{"href":"https:\/\/www.actualidadadiario.com\/index.php\/wp-json\/wp\/v2\/posts\/131457"}],"collection":[{"href":"https:\/\/www.actualidadadiario.com\/index.php\/wp-json\/wp\/v2\/posts"}],"about":[{"href":"https:\/\/www.actualidadadiario.com\/index.php\/wp-json\/wp\/v2\/types\/post"}],"author":[{"embeddable":true,"href":"https:\/\/www.actualidadadiario.com\/index.php\/wp-json\/wp\/v2\/users\/3"}],"replies":[{"embeddable":true,"href":"https:\/\/www.actualidadadiario.com\/index.php\/wp-json\/wp\/v2\/comments?post=131457"}],"version-history":[{"count":1,"href":"https:\/\/www.actualidadadiario.com\/index.php\/wp-json\/wp\/v2\/posts\/131457\/revisions"}],"predecessor-version":[{"id":131459,"href":"https:\/\/www.actualidadadiario.com\/index.php\/wp-json\/wp\/v2\/posts\/131457\/revisions\/131459"}],"wp:featuredmedia":[{"embeddable":true,"href":"https:\/\/www.actualidadadiario.com\/index.php\/wp-json\/wp\/v2\/media\/131458"}],"wp:attachment":[{"href":"https:\/\/www.actualidadadiario.com\/index.php\/wp-json\/wp\/v2\/media?parent=131457"}],"wp:term":[{"taxonomy":"category","embeddable":true,"href":"https:\/\/www.actualidadadiario.com\/index.php\/wp-json\/wp\/v2\/categories?post=131457"},{"taxonomy":"post_tag","embeddable":true,"href":"https:\/\/www.actualidadadiario.com\/index.php\/wp-json\/wp\/v2\/tags?post=131457"}],"curies":[{"name":"wp","href":"https:\/\/api.w.org\/{rel}","templated":true}]}}