{"id":131453,"date":"2025-08-06T11:55:07","date_gmt":"2025-08-06T14:55:07","guid":{"rendered":"https:\/\/www.actualidadadiario.com\/?p=131453"},"modified":"2025-08-06T11:55:07","modified_gmt":"2025-08-06T14:55:07","slug":"encuesta-crece-la-desaprobacion-al-gobierno-de-milei-y-que-impacto-tiene-en-las-elecciones-legislativas","status":"publish","type":"post","link":"https:\/\/www.actualidadadiario.com\/index.php\/2025\/08\/06\/encuesta-crece-la-desaprobacion-al-gobierno-de-milei-y-que-impacto-tiene-en-las-elecciones-legislativas\/","title":{"rendered":"Encuesta: crece la desaprobaci\u00f3n al gobierno de Milei y qu\u00e9 impacto tiene en las elecciones legislativas"},"content":{"rendered":"<p style=\"text-align: center;\"><em><strong>El dato se desprende de un estudio realizado a mediados de julio y en diferentes regiones del pa\u00eds. Los guarismos var\u00edan seg\u00fan ideolog\u00eda, edad, voto y nivel socioecon\u00f3mico. En relaci\u00f3n al &#8220;no voto&#8221; y el rechazo a la pol\u00edtica, aparecen desagregadas las diferentes motivaciones<\/strong><\/em><\/p>\n<p>&nbsp;<\/p>\n<p>&nbsp;<\/p>\n<p>Un reciente estudio de opini\u00f3n p\u00fablica brinda nueva informaci\u00f3n sobre una de las inc\u00f3gnitas de la situaci\u00f3n pol\u00edtica argentina, atravesada a su vez por la incertidumbre econ\u00f3mica: las modulaciones en los niveles de aprobaci\u00f3n del gobierno libertario, con el horizonte cercano de las elecciones legislativas desdobladas en la provincia de Buenos Aires, el 7 de septiembre, y las legislativas nacionales que se realizar\u00e1n el 26 de octubre.<\/p>\n<p>El estudio en cuesti\u00f3n se denomina Encuesta de Satisfacci\u00f3n Pol\u00edtica y Opini\u00f3n P\u00fablica, fue realizado por la Universidad de San Andr\u00e9s y su Laboratorio de Observaci\u00f3n de la Opini\u00f3n P\u00fablica (LOOP), y se apoya en 1012 encuestas realizadas v\u00eda internet entre el 11 y el 21 de Julio de 2025, a adultos de 18 a\u00f1os en adelante.<\/p>\n<p>Como dato destacado aparece un crecimiento de la desaprobaci\u00f3n al gobierno de Javier Milei, que ya se ubica en el 55% (42% &#8220;desapruebo mucho&#8221; y 12% &#8220;desapruebo algo). Existen diferencias seg\u00fan ideolog\u00eda, edad, voto y nivel socioecon\u00f3mico. La desaprobaci\u00f3n es mayor en mujeres (45%), tambi\u00e9n asciende en la clase baja (52%) y es mayor entre los Milenials (28-43 a\u00f1os), con un 46%. En t\u00e9rminos ideol\u00f3gicos, la desaprobaci\u00f3n se ubica en el 53% en espectro &#8220;centro&#8221;, un 13% en &#8220;derecha&#8221; y un 91% en &#8220;izquierda&#8221;.<\/p>\n<p>Cabe destacar tambi\u00e9n que, seg\u00fan este estudio, &#8220;el porcentaje de aprobaci\u00f3n (42%) del gobierno baj\u00f3 7 puntos porcentuales con relaci\u00f3n a la \u00faltima medici\u00f3n de la ESPOP de mayo&#8221;, y adem\u00e1s, est\u00e1 por debajo del nivel de aprobaci\u00f3n del gobierno de Mauricio Macri en el mismo per\u00edodo (55% en julio de 2017, su segundo a\u00f1o).<\/p>\n<p>&nbsp;<\/p>\n<p><strong>Impacto en la intenci\u00f3n de voto<\/strong><\/p>\n<p>En relaci\u00f3n a la influencia electoral que podr\u00edan proyectarse de estos niveles de desaprobaci\u00f3n del gobierno, se destaca el siguiente dato: &#8220;Si las elecciones legislativas fueran hoy, un 29% votar\u00eda a la oposici\u00f3n y un 28% al oficialismo. El 19% no sabe a qui\u00e9n votar\u00eda&#8221;. Por otro lado, el nivel de votoblanquismo es m\u00ednimo: un 7%. De lo cual se puede inferir, seg\u00fan este estudio, que el rechazo a la oferta electoral no se canaliza activamente mediante dicha herramienta, como ha sucedido en otros momentos de la historia argentina, como durante el 2001.<\/p>\n<p>Por \u00faltimo, tomando espec\u00edficamente el porcentaje de intenci\u00f3n de voto entre las diferentes fuerzas pol\u00edticas, aparece que &#8220;si las elecciones legislativas fueran hoy, el 26% votar\u00eda a LLA y 8% por el PRO, el 25% al Peronismo. Contin\u00faan con un 4% el Frente de Izquierda y un 3% para la UCR. El 7% no vota y el 14% no sabe.<\/p>\n<p>En relaci\u00f3n a la composici\u00f3n de ese 7% que &#8220;no vota&#8221;, siendo el abstencionismo y la &#8220;apat\u00eda&#8221; uno de los aspectos destacados de los comicios durante este 2025 en varias provincias (Jujuy, Salta, Chaco, Santa Fe, Misiones) y en CABA, la encuesta de la Universidad de San Andr\u00e9s arroja lo siguiente: &#8220;el 35% est\u00e1 cansado de la pol\u00edtica, el 33% no cree que las elecciones cambien algo y el 23% que ning\u00fan partido lo representa&#8221;.<\/p>\n","protected":false},"excerpt":{"rendered":"<p>El dato se desprende de un estudio realizado a mediados de julio y en diferentes regiones del pa\u00eds. Los guarismos var\u00edan seg\u00fan ideolog\u00eda, edad, voto y nivel socioecon\u00f3mico. En relaci\u00f3n al &#8220;no voto&#8221; y el rechazo a la pol\u00edtica, aparecen desagregadas las diferentes motivaciones &nbsp; &nbsp; Un reciente estudio de opini\u00f3n p\u00fablica brinda nueva informaci\u00f3n sobre una de las inc\u00f3gnitas de la situaci\u00f3n pol\u00edtica argentina, atravesada a su vez por la incertidumbre econ\u00f3mica: las modulaciones en los niveles de aprobaci\u00f3n del gobierno libertario, con el horizonte cercano de las elecciones&#8230;<\/p>\n","protected":false},"author":3,"featured_media":125191,"comment_status":"closed","ping_status":"closed","sticky":false,"template":"","format":"standard","meta":[],"categories":[9],"tags":[],"_links":{"self":[{"href":"https:\/\/www.actualidadadiario.com\/index.php\/wp-json\/wp\/v2\/posts\/131453"}],"collection":[{"href":"https:\/\/www.actualidadadiario.com\/index.php\/wp-json\/wp\/v2\/posts"}],"about":[{"href":"https:\/\/www.actualidadadiario.com\/index.php\/wp-json\/wp\/v2\/types\/post"}],"author":[{"embeddable":true,"href":"https:\/\/www.actualidadadiario.com\/index.php\/wp-json\/wp\/v2\/users\/3"}],"replies":[{"embeddable":true,"href":"https:\/\/www.actualidadadiario.com\/index.php\/wp-json\/wp\/v2\/comments?post=131453"}],"version-history":[{"count":1,"href":"https:\/\/www.actualidadadiario.com\/index.php\/wp-json\/wp\/v2\/posts\/131453\/revisions"}],"predecessor-version":[{"id":131454,"href":"https:\/\/www.actualidadadiario.com\/index.php\/wp-json\/wp\/v2\/posts\/131453\/revisions\/131454"}],"wp:featuredmedia":[{"embeddable":true,"href":"https:\/\/www.actualidadadiario.com\/index.php\/wp-json\/wp\/v2\/media\/125191"}],"wp:attachment":[{"href":"https:\/\/www.actualidadadiario.com\/index.php\/wp-json\/wp\/v2\/media?parent=131453"}],"wp:term":[{"taxonomy":"category","embeddable":true,"href":"https:\/\/www.actualidadadiario.com\/index.php\/wp-json\/wp\/v2\/categories?post=131453"},{"taxonomy":"post_tag","embeddable":true,"href":"https:\/\/www.actualidadadiario.com\/index.php\/wp-json\/wp\/v2\/tags?post=131453"}],"curies":[{"name":"wp","href":"https:\/\/api.w.org\/{rel}","templated":true}]}}