{"id":131451,"date":"2025-08-06T10:23:00","date_gmt":"2025-08-06T13:23:00","guid":{"rendered":"https:\/\/www.actualidadadiario.com\/?p=131451"},"modified":"2025-08-06T10:23:00","modified_gmt":"2025-08-06T13:23:00","slug":"las-automotrices-frenaron-la-produccion-y-reclaman-alivio-fiscal-a-provincias-y-municipios","status":"publish","type":"post","link":"https:\/\/www.actualidadadiario.com\/index.php\/2025\/08\/06\/las-automotrices-frenaron-la-produccion-y-reclaman-alivio-fiscal-a-provincias-y-municipios\/","title":{"rendered":"Las automotrices frenaron la producci\u00f3n y reclaman alivio fiscal a provincias y municipios"},"content":{"rendered":"<p style=\"text-align: center;\"><em><strong>La producci\u00f3n cay\u00f3 13,4% en julio y las exportaciones, 35,7% interanual. Las automotrices exigen a provincias y municipios que reduzcan impuestos para sostener la competitividad<\/strong><\/em><\/p>\n<p>&nbsp;<\/p>\n<p>&nbsp;<\/p>\n<p>La producci\u00f3n nacional de veh\u00edculos alcanz\u00f3 en julio las 37.112 unidades, una ca\u00edda del 13,4% respecto a junio y del 16,5% en comparaci\u00f3n con igual mes del a\u00f1o pasado, seg\u00fan el informe mensual difundido por la Asociaci\u00f3n de F\u00e1bricas de Automotores (ADEFA). Aunque en el acumulado de los primeros siete meses del a\u00f1o se mantiene un crecimiento interanual del 10,1%, la actividad industrial mostr\u00f3 una desaceleraci\u00f3n marcada en julio, impulsada por paradas t\u00e9cnicas, recesos y tareas de actualizaci\u00f3n en varias plantas.<\/p>\n<p>El freno tambi\u00e9n impact\u00f3 en las exportaciones. En julio se enviaron al exterior 18.225 veh\u00edculos, con una baja del 19,9% frente al mes anterior y del 35,7% respecto de julio de 2024. En el acumulado enero-julio, el volumen exportado lleg\u00f3 a 147.879 unidades, lo que representa una ca\u00edda del 4,7% frente al mismo per\u00edodo del a\u00f1o pasado.<\/p>\n<p>\u201cLa contracci\u00f3n en la actividad de julio se debi\u00f3 a ajustes estacionales producto del receso de vacaciones y tareas de mantenimiento y actualizaci\u00f3n tecnol\u00f3gica por nuevas inversiones en las plantas de algunas asociadas\u201d, explic\u00f3 Mart\u00edn Zuppi, presidente de ADEFA.<\/p>\n<p>No obstante, el directivo advirti\u00f3 sobre los desaf\u00edos que enfrenta el sector para sostener su competitividad en los mercados regionales, en un contexto de ca\u00edda de la demanda externa, especialmente desde Brasil, principal destino de los autos argentinos. \u201cDebemos estar atentos al crecimiento que muestran los destinos de la regi\u00f3n y a la creciente competencia\u201d, afirm\u00f3.<\/p>\n<p>Zuppi subray\u00f3 la necesidad de una agenda de trabajo conjunta entre el sector privado y el Estado: \u201cDada la din\u00e1mica propia de nuestro sector y el comportamiento reciente de las exportaciones, es clave que sigamos enfocados en mejorar la competitividad y recuperar presencia en los mercados\u201d. Y agreg\u00f3 que para ello no alcanza con el trabajo a nivel nacional: \u201cEs fundamental sumar el compromiso de provincias y municipios en la reducci\u00f3n de la carga impositiva, como herramienta clave para potenciar la competitividad\u201d.<\/p>\n<p>En el plano interno, las ventas mayoristas a concesionarios tambi\u00e9n retrocedieron: en julio se comercializaron 50.186 unidades, lo que represent\u00f3 una baja del 16,1% frente a junio. Sin embargo, en la comparaci\u00f3n interanual, el crecimiento fue del 51,9%. En lo que va del a\u00f1o, las terminales colocaron 349.187 veh\u00edculos en su red comercial, un 79% m\u00e1s que en igual per\u00edodo de 2024, se\u00f1al de que la recomposici\u00f3n de inventarios sigue en marcha tras los a\u00f1os de retracci\u00f3n.<\/p>\n<p>Por segmentos, la baja en la producci\u00f3n afect\u00f3 tanto a autom\u00f3viles como a veh\u00edculos comerciales livianos. Los primeros cayeron 28,1% interanual en julio, y los segundos, 5,5%.<\/p>\n<p>En cuanto al destino de las exportaciones acumuladas, Brasil encabez\u00f3 el ranking con 96.479 unidades (65,2% del total), aunque con una baja de 11.065 veh\u00edculos frente a 2024. Le siguieron Am\u00e9rica Central (19.112 unidades), Per\u00fa (9.011), Chile (7.530) y Paraguay (3.012).<\/p>\n<p>Pese a la contracci\u00f3n de julio, el saldo del a\u00f1o a\u00fan es positivo para la producci\u00f3n, pero los n\u00fameros reflejan un frente complejo: ventas externas a la baja, demanda brasile\u00f1a debilitada y un mapa impositivo que, seg\u00fan las terminales, requiere ajustes urgentes en todos los niveles del Estado.<\/p>\n","protected":false},"excerpt":{"rendered":"<p>La producci\u00f3n cay\u00f3 13,4% en julio y las exportaciones, 35,7% interanual. Las automotrices exigen a provincias y municipios que reduzcan impuestos para sostener la competitividad &nbsp; &nbsp; La producci\u00f3n nacional de veh\u00edculos alcanz\u00f3 en julio las 37.112 unidades, una ca\u00edda del 13,4% respecto a junio y del 16,5% en comparaci\u00f3n con igual mes del a\u00f1o pasado, seg\u00fan el informe mensual difundido por la Asociaci\u00f3n de F\u00e1bricas de Automotores (ADEFA). Aunque en el acumulado de los primeros siete meses del a\u00f1o se mantiene un crecimiento interanual del 10,1%, la actividad industrial&#8230;<\/p>\n","protected":false},"author":3,"featured_media":48983,"comment_status":"closed","ping_status":"closed","sticky":false,"template":"","format":"standard","meta":[],"categories":[2],"tags":[],"_links":{"self":[{"href":"https:\/\/www.actualidadadiario.com\/index.php\/wp-json\/wp\/v2\/posts\/131451"}],"collection":[{"href":"https:\/\/www.actualidadadiario.com\/index.php\/wp-json\/wp\/v2\/posts"}],"about":[{"href":"https:\/\/www.actualidadadiario.com\/index.php\/wp-json\/wp\/v2\/types\/post"}],"author":[{"embeddable":true,"href":"https:\/\/www.actualidadadiario.com\/index.php\/wp-json\/wp\/v2\/users\/3"}],"replies":[{"embeddable":true,"href":"https:\/\/www.actualidadadiario.com\/index.php\/wp-json\/wp\/v2\/comments?post=131451"}],"version-history":[{"count":1,"href":"https:\/\/www.actualidadadiario.com\/index.php\/wp-json\/wp\/v2\/posts\/131451\/revisions"}],"predecessor-version":[{"id":131452,"href":"https:\/\/www.actualidadadiario.com\/index.php\/wp-json\/wp\/v2\/posts\/131451\/revisions\/131452"}],"wp:featuredmedia":[{"embeddable":true,"href":"https:\/\/www.actualidadadiario.com\/index.php\/wp-json\/wp\/v2\/media\/48983"}],"wp:attachment":[{"href":"https:\/\/www.actualidadadiario.com\/index.php\/wp-json\/wp\/v2\/media?parent=131451"}],"wp:term":[{"taxonomy":"category","embeddable":true,"href":"https:\/\/www.actualidadadiario.com\/index.php\/wp-json\/wp\/v2\/categories?post=131451"},{"taxonomy":"post_tag","embeddable":true,"href":"https:\/\/www.actualidadadiario.com\/index.php\/wp-json\/wp\/v2\/tags?post=131451"}],"curies":[{"name":"wp","href":"https:\/\/api.w.org\/{rel}","templated":true}]}}