{"id":131446,"date":"2025-08-06T10:20:46","date_gmt":"2025-08-06T13:20:46","guid":{"rendered":"https:\/\/www.actualidadadiario.com\/?p=131446"},"modified":"2025-08-06T10:20:46","modified_gmt":"2025-08-06T13:20:46","slug":"la-iglesia-lanzo-una-fuerte-advertencia-contra-el-gobierno-cuidar-el-empleo-es-una-prioridad","status":"publish","type":"post","link":"https:\/\/www.actualidadadiario.com\/index.php\/2025\/08\/06\/la-iglesia-lanzo-una-fuerte-advertencia-contra-el-gobierno-cuidar-el-empleo-es-una-prioridad\/","title":{"rendered":"La Iglesia lanz\u00f3 una fuerte advertencia contra el Gobierno: \u201cCuidar el empleo es una prioridad&#8221;"},"content":{"rendered":"<p style=\"text-align: center;\"><em><strong>Los obispos se\u00f1alaron que \u201cen tiempos dif\u00edciles, valoramos todas las formas de trabajo\u201d<\/strong><\/em><\/p>\n<p>&nbsp;<\/p>\n<p>&nbsp;<\/p>\n<p>Por la inminente celebraci\u00f3n de San Cayetano, la Conferencia Episcopal de Argentina realiz\u00f3 un comunicado este martes en el que advierte al Gobierno que \u201cen todo plan econ\u00f3mico, cuidar el empleo y las fuentes laborales deben ser una prioridad indeclinable\u201d.<\/p>\n<p>\u201cNinguna medida puede considerarse exitosa si implica que los trabajadores pierdan su empleo o vivan con angustia e incertidumbre sobre su futuro\u201d, alertaron los obispos.<\/p>\n<p>En un mensaje que alude a las problem\u00e1ticas econ\u00f3micas que enfrenta el pa\u00eds, las autoridades de la Iglesia cat\u00f3lica argentina a\u00f1adieron: \u201cEn tiempos dif\u00edciles, valoramos todas las formas de trabajo: el empleo formal, los emprendimientos familiares, la econom\u00eda popular, el reciclado, las changas\u201d.<\/p>\n<p>La Conferencia episcopal, encabezada por el arzobispo de Mendoza, Marcelo D. Colombo, y el de C\u00f3rdoba, el cardenal \u00c1ngel Rossi, tambi\u00e9n sostuvo que \u201ctoda actividad que, con esfuerzo, lleva dignamente el pan a la mesa merece ser reconocida, acompa\u00f1ada y protegida\u201d.<\/p>\n<p>El texto fue difundido este martes en v\u00edsperas de la festividad de San Cayetano, patrono del Pan, la Paz y el Trabajo, que encarna una de las celebridades m\u00e1s populares en suelo argentino. Cada a\u00f1o se re\u00fanen miles de personas en el barrio de Liniers desde la madrugada para pedir empleo y continuidad laboral ante el santo.<\/p>\n<p>En ese marco, los jefes del Episcopado publicaron su carta en representaci\u00f3n de todos los obispos argentinos para unirse &#8220;a los miles de fieles que, en todo el pa\u00eds, se acercan a santuarios, parroquias y comunidades para pedir su intercesi\u00f3n o agradecer la gracia recibida&#8221;.<\/p>\n<p>\u201cTrabajar constituye un derecho fundamental que construye la vida propia y la del grupo familiar, y sostiene el tejido social\u201d, afirmaron los obispos. Este d\u00eda nos invita a \u201cescuchar el clamor de tantos hermanos y hermanas que ven en el trabajo la posibilidad de ser \u00fatiles y de contribuir al bien com\u00fan\u201d.<\/p>\n<p>Apuntaron que &#8220;la falta de trabajo hiere profundamente la dignidad de las personas y puede conducir al desaliento, al aislamiento y a la p\u00e9rdida de sentido&#8221;. Por eso, indicaron en su texto oficial que &#8220;en todo plan econ\u00f3mico, cuidar el empleo y las fuentes laborales debe ser una prioridad indeclinable&#8221;.<\/p>\n","protected":false},"excerpt":{"rendered":"<p>Los obispos se\u00f1alaron que \u201cen tiempos dif\u00edciles, valoramos todas las formas de trabajo\u201d &nbsp; &nbsp; Por la inminente celebraci\u00f3n de San Cayetano, la Conferencia Episcopal de Argentina realiz\u00f3 un comunicado este martes en el que advierte al Gobierno que \u201cen todo plan econ\u00f3mico, cuidar el empleo y las fuentes laborales deben ser una prioridad indeclinable\u201d. \u201cNinguna medida puede considerarse exitosa si implica que los trabajadores pierdan su empleo o vivan con angustia e incertidumbre sobre su futuro\u201d, alertaron los obispos. En un mensaje que alude a las problem\u00e1ticas econ\u00f3micas que&#8230;<\/p>\n","protected":false},"author":3,"featured_media":44237,"comment_status":"closed","ping_status":"closed","sticky":false,"template":"","format":"standard","meta":[],"categories":[2],"tags":[],"_links":{"self":[{"href":"https:\/\/www.actualidadadiario.com\/index.php\/wp-json\/wp\/v2\/posts\/131446"}],"collection":[{"href":"https:\/\/www.actualidadadiario.com\/index.php\/wp-json\/wp\/v2\/posts"}],"about":[{"href":"https:\/\/www.actualidadadiario.com\/index.php\/wp-json\/wp\/v2\/types\/post"}],"author":[{"embeddable":true,"href":"https:\/\/www.actualidadadiario.com\/index.php\/wp-json\/wp\/v2\/users\/3"}],"replies":[{"embeddable":true,"href":"https:\/\/www.actualidadadiario.com\/index.php\/wp-json\/wp\/v2\/comments?post=131446"}],"version-history":[{"count":1,"href":"https:\/\/www.actualidadadiario.com\/index.php\/wp-json\/wp\/v2\/posts\/131446\/revisions"}],"predecessor-version":[{"id":131447,"href":"https:\/\/www.actualidadadiario.com\/index.php\/wp-json\/wp\/v2\/posts\/131446\/revisions\/131447"}],"wp:featuredmedia":[{"embeddable":true,"href":"https:\/\/www.actualidadadiario.com\/index.php\/wp-json\/wp\/v2\/media\/44237"}],"wp:attachment":[{"href":"https:\/\/www.actualidadadiario.com\/index.php\/wp-json\/wp\/v2\/media?parent=131446"}],"wp:term":[{"taxonomy":"category","embeddable":true,"href":"https:\/\/www.actualidadadiario.com\/index.php\/wp-json\/wp\/v2\/categories?post=131446"},{"taxonomy":"post_tag","embeddable":true,"href":"https:\/\/www.actualidadadiario.com\/index.php\/wp-json\/wp\/v2\/tags?post=131446"}],"curies":[{"name":"wp","href":"https:\/\/api.w.org\/{rel}","templated":true}]}}