{"id":131431,"date":"2025-08-06T09:30:41","date_gmt":"2025-08-06T12:30:41","guid":{"rendered":"https:\/\/www.actualidadadiario.com\/?p=131431"},"modified":"2025-08-06T09:30:41","modified_gmt":"2025-08-06T12:30:41","slug":"anuncian-que-pronto-llegaran-nuevos-vientos-frios","status":"publish","type":"post","link":"https:\/\/www.actualidadadiario.com\/index.php\/2025\/08\/06\/anuncian-que-pronto-llegaran-nuevos-vientos-frios\/","title":{"rendered":"Anuncian que pronto llegar\u00e1n nuevos vientos fr\u00edos"},"content":{"rendered":"<p style=\"text-align: center;\"><em><strong>El d\u00eda comenz\u00f3 fresco, pero se espera una tarde agradable. Luego, entre jueves y viernes llegar\u00e1 viento sur que reforzar\u00e1 el fr\u00edo<\/strong><\/em><\/p>\n<p>&nbsp;<\/p>\n<p>&nbsp;<\/p>\n<p>El Servicio Meteorol\u00f3gico Nacional -SMN- informa que este mi\u00e9rcoles se presenta con buenas condiciones del tiempo en Entre R\u00edos, pero nubosidad en aumento. La ma\u00f1ana comenz\u00f3 fresca y la tarde ser\u00e1 m\u00e1s agradable, de hasta 20 grados.<\/p>\n<p>No hay anuncio de precipitaciones para los pr\u00f3ximos d\u00edas, aunque habr\u00e1 viento sur que reforzar\u00e1 las jornadas fr\u00edas. Este descenso de las temperaturas se sentir\u00e1 sobre todo entre este jueves y viernes.<\/p>\n<p>Debido a los vientos del sur, las tardes estar\u00e1n m\u00e1s frescas. Reci\u00e9n el fin de semana volver\u00e1n a aumentar las t\u00e9rmicas.<\/p>\n<p>&nbsp;<\/p>\n<p><strong>Pron\u00f3stico para hoy<\/strong><\/p>\n<p>En Paran\u00e1, La Paz, Villaguay, Diamante y Nogoy\u00e1 la m\u00ednima es de 5,4 grados y la m\u00e1xima alcanzar\u00e1 los 20 grados. En la capital y alrededores se espera una jornada con cielo parcialmente y mayormente nublado.<\/p>\n<p>En Concordia, Federal, Feliciano, Federaci\u00f3n y San Salvador, en tanto, comenz\u00f3 con una m\u00ednima de 4.8 grados y se espera una m\u00e1xima de 19 grados. All\u00ed tambi\u00e9n se prev\u00e9 un d\u00eda parcialmente soleado de d\u00eda y mayormente nublado de noche.<\/p>\n<p>En Gualeguaych\u00fa, Col\u00f3n, Uruguay, Tala e Islas, inici\u00f3 con una m\u00ednima de 5.4 grados y una m\u00e1xima esperada de 16 grados. Al igual que en las otras localidades, se espera un d\u00eda mayormente nublado.<\/p>\n<p>Finalmente, en Victoria y Gualeguay anuncian 6 grados de m\u00ednima y 17 grados de m\u00e1xima, con cielo tambi\u00e9n con elevada nubosidad.<\/p>\n","protected":false},"excerpt":{"rendered":"<p>El d\u00eda comenz\u00f3 fresco, pero se espera una tarde agradable. Luego, entre jueves y viernes llegar\u00e1 viento sur que reforzar\u00e1 el fr\u00edo &nbsp; &nbsp; El Servicio Meteorol\u00f3gico Nacional -SMN- informa que este mi\u00e9rcoles se presenta con buenas condiciones del tiempo en Entre R\u00edos, pero nubosidad en aumento. La ma\u00f1ana comenz\u00f3 fresca y la tarde ser\u00e1 m\u00e1s agradable, de hasta 20 grados. No hay anuncio de precipitaciones para los pr\u00f3ximos d\u00edas, aunque habr\u00e1 viento sur que reforzar\u00e1 las jornadas fr\u00edas. Este descenso de las temperaturas se sentir\u00e1 sobre todo entre este&#8230;<\/p>\n","protected":false},"author":3,"featured_media":131432,"comment_status":"closed","ping_status":"closed","sticky":false,"template":"","format":"standard","meta":[],"categories":[15],"tags":[],"_links":{"self":[{"href":"https:\/\/www.actualidadadiario.com\/index.php\/wp-json\/wp\/v2\/posts\/131431"}],"collection":[{"href":"https:\/\/www.actualidadadiario.com\/index.php\/wp-json\/wp\/v2\/posts"}],"about":[{"href":"https:\/\/www.actualidadadiario.com\/index.php\/wp-json\/wp\/v2\/types\/post"}],"author":[{"embeddable":true,"href":"https:\/\/www.actualidadadiario.com\/index.php\/wp-json\/wp\/v2\/users\/3"}],"replies":[{"embeddable":true,"href":"https:\/\/www.actualidadadiario.com\/index.php\/wp-json\/wp\/v2\/comments?post=131431"}],"version-history":[{"count":1,"href":"https:\/\/www.actualidadadiario.com\/index.php\/wp-json\/wp\/v2\/posts\/131431\/revisions"}],"predecessor-version":[{"id":131433,"href":"https:\/\/www.actualidadadiario.com\/index.php\/wp-json\/wp\/v2\/posts\/131431\/revisions\/131433"}],"wp:featuredmedia":[{"embeddable":true,"href":"https:\/\/www.actualidadadiario.com\/index.php\/wp-json\/wp\/v2\/media\/131432"}],"wp:attachment":[{"href":"https:\/\/www.actualidadadiario.com\/index.php\/wp-json\/wp\/v2\/media?parent=131431"}],"wp:term":[{"taxonomy":"category","embeddable":true,"href":"https:\/\/www.actualidadadiario.com\/index.php\/wp-json\/wp\/v2\/categories?post=131431"},{"taxonomy":"post_tag","embeddable":true,"href":"https:\/\/www.actualidadadiario.com\/index.php\/wp-json\/wp\/v2\/tags?post=131431"}],"curies":[{"name":"wp","href":"https:\/\/api.w.org\/{rel}","templated":true}]}}