{"id":131424,"date":"2025-08-06T09:28:11","date_gmt":"2025-08-06T12:28:11","guid":{"rendered":"https:\/\/www.actualidadadiario.com\/?p=131424"},"modified":"2025-08-06T09:28:11","modified_gmt":"2025-08-06T12:28:11","slug":"gaillard-y-el-frente-grande-arman-una-alianza-y-abren-una-grieta-en-el-peronismo","status":"publish","type":"post","link":"https:\/\/www.actualidadadiario.com\/index.php\/2025\/08\/06\/gaillard-y-el-frente-grande-arman-una-alianza-y-abren-una-grieta-en-el-peronismo\/","title":{"rendered":"Gaillard y el Frente Grande arman una alianza y abren una grieta en el peronismo"},"content":{"rendered":"<p style=\"text-align: center;\"><em><strong>A la caza de progres y desencantados, se cocina un frente con sectores que no entraron al armado del PJ. Otros nombres en danza. La grieta centroizquierdista<\/strong><\/em><\/p>\n<p>&nbsp;<\/p>\n<p>&nbsp;<\/p>\n<p>A horas del cierre de alianzas, en Entre R\u00edos la sorpresa surgi\u00f3 del lugar menos pensado. Una alianza entre el Frente Grande y el peronismo d\u00edscolo se cocin\u00f3 en silencio y se prepara para morderle votos al PJ en las legislativas de octubre. Cuentan con una aliada inesperada. La diputada Carolina Gaillard suena para ser cabeza de lista.<\/p>\n<p>El armado incluye a dos hist\u00f3ricos aliados del peronismo que, enojados con la conducci\u00f3n actual, decidieron jugar en soledad. Al Frente Grande (FG) se sum\u00f3 el Movimiento por Todos (MPT), un partido que estuvo desde 2003 siempre adentro del esquema y que ahora qued\u00f3 rezagado en las negociaciones. Juntos, buscan representar a la militancia del campo nacional y popular que dice no verse reflejada en la propuesta de la lista 2 que oficializ\u00f3 el PJ semanas atr\u00e1s.<\/p>\n<p>&nbsp;<\/p>\n<p><strong>La alianza inesperada que busca comerle votos al PJ<\/strong><\/p>\n<p>La nueva alianza emerge de la fragmentaci\u00f3n del hist\u00f3rico frente que el PJ lider\u00f3 hasta 2023. Adem\u00e1s del FG y el MPT, incluye a agrupaciones sociales del campo popular y est\u00e1n en conversaciones para sumar al Partido Comunista. Algunas voces al tanto de la negociaci\u00f3n calculan que podr\u00edan morderle entre unos 20 a 30 mil votos al peronismo.<\/p>\n<p>El armado en ciernes es un claro intento de atrapar a ese espacio del progresismo que dice no encontrar una alternativa en la propuesta oficializada por la conducci\u00f3n del PJ. Tambi\u00e9n apuntan a quienes quedaron con enojo tras la interna que no fue y que dej\u00f3 fuera de carrera a cuatro listas en las que progres y conservadores vieron caer sus boletas cuando no fueron aceptadas por la junta electoral del partido.<\/p>\n<p>Uno de los nombres que se analizan para la alianza es Entre Todos. \u201cLa idea de Todos en un espacio plural, porque somos de partidos distintos y porque contenemos a la militancia del campo popular, de distintas procedencias, con ideas comunes y con una propuesta que pueda dialogar con la ciudadan\u00eda\u201d, explic\u00f3 un dirigente partidario a este medio.<\/p>\n<p>&nbsp;<\/p>\n<p><strong>El rol de Gaillard en las elecciones en Entre R\u00edos<\/strong><\/p>\n<p>El nombre de Gaillard sorprendi\u00f3 cuando se conoci\u00f3 su adhesi\u00f3n a este armado. Gaillard es legisladora nacional del PJ desde hace 12 a\u00f1os, con algunas interrupciones, pero siempre en contacto con los gobiernos peronistas. En todas las elecciones compiti\u00f3 bajo el paraguas del PJ y siempre fue funcional al esquema partidario. Este martes reconoci\u00f3 que est\u00e1 en conversaciones con el Frente Grande y que ella podr\u00eda encabezar la propuesta por afuera. En diciembre se termina su mandato en el Congreso.<\/p>\n<p>\u201cTodos los sectores tienen que estar integrados en la lista del PJ. Eso no sucedi\u00f3 porque hay una integraci\u00f3n que no representa a todos, claramente. Respeto mucho a Ad\u00e1n Bahl y Guillermo Michel, son muy buenos candidatos, pero la sensaci\u00f3n que tenemos es que no est\u00e1n integrados todos los sectores y en ese sentido me han planteado la posibilidad de ser candidata por el Frente Grande, yendo en una lista por fuera del Partido Justicialista. Es una posibilidad\u201d, dijo.<\/p>\n<p>En el mismo sentido, un dirigente que trabaja en el armado rebelde indic\u00f3 a Letra P que el primer contacto con el oficialismo partidario fue hace dos semanas, pero la propuesta fue cerrada: sumarse al esquema del PJ sin posibilidad de alterar la lista ya oficializada. \u201cNos llamaron como algo formal, no hab\u00eda real inter\u00e9s. Nosotros no queremos un armado de invitados\u201d, apunt\u00f3.<\/p>\n<p>No se trata del primer intento de Gaillard de competir por afuera del PJ. Como cont\u00f3 Letra P hace unos meses, su nombre circul\u00f3 entre quienes promovieron la creaci\u00f3n de Peronismo Amplio Renovador (PAR), una agrupaci\u00f3n que busc\u00f3 dar la interna en el PJ pero que tras el fallido intento se diluy\u00f3 en el tiempo. Algunos nombres de aquel impulso a\u00fan ruedan para octubre. Adem\u00e1s de Gaillard, est\u00e1 Gustavo Guzm\u00e1n, un referente de Paran\u00e1 que tambi\u00e9n dijo que armar\u00e1 por fuera con H\u00e9ctor Maya y el amparo de UPCN.<\/p>\n<p>&nbsp;<\/p>\n<p><strong>Otros nombres para ir por afuera del PJ<\/strong><\/p>\n<p>Adem\u00e1s de Gaillard, a quien ven como una candidata que acompa\u00f1a \u201cel sentimiento popular\u201d, otros nombres surgieron como posibles candidaturas en esta lista.<\/p>\n<p>Acompa\u00f1ar\u00edan a la diputada dos exdiputadas provinciales, aliadas de las gestiones peronistas tanto en la provincia como en sus ciudades. Son Mariana Farf\u00e1n, de Gualeguaych\u00fa, y Paola Rubattino, de Gualeguay. Ambas fueron tambi\u00e9n funcionarias con vasta trayectoria en la provincia.<\/p>\n<p>El MPT es un partido de distrito cuyo presidente es Javier Schnitman, un exfuncionario de Gustavo Bordet que comanda el partido desde 2003, siempre jugando dentro del frente hist\u00f3rico que comanda el PJ.<\/p>\n<p>&nbsp;<\/p>\n<p><strong>Grieta en el Frente Grande por la decisi\u00f3n de ir por afuera<\/strong><\/p>\n<p>Con todo, en el FG la decisi\u00f3n de cortar con la tradici\u00f3n acuerdista no fue un\u00e1nime. Tanto el presidente del partido, Iv\u00e1n Becic, como uno de sus m\u00e1ximos referentes, N\u00e9stor Loggio, estuvieron en contra de la decisi\u00f3n de romper con el PJ. En la Asamblea que vot\u00f3 la escisi\u00f3n se impuso la postura rupturista, sostenida por la figura de otro hist\u00f3rico del espacio, Nelio Calza.<\/p>\n<p>Loggio fue diputado provincial y funcionario en las gestiones de Bordet en Concordia y en la provincia, producto de los acuerdos del FG con el PJ. En la previa de la Asamblea, habl\u00f3 de los heridos de la interna y advirti\u00f3 que se trata de un \u201cdesaf\u00edo hist\u00f3rico mayor a los enojos y vanidades\u201d.<\/p>\n<p>\u201cEl gobierno de Rogelio Frigerio opera sobre algunos dirigentes para que construyan una oferta electoral que le robe un porcentaje al peronismo (estiman ellos entre un 2 y un 4 %), suficiente para definir una elecci\u00f3n. En nuestra provincia, como en el pa\u00eds, se votar\u00e1 por Javier Milei o en contra de Javier Milei. Para votar en contra de Milei, la herramienta electoral ser\u00e1 la del PJ y sus aliados\u201d, cerr\u00f3.<\/p>\n","protected":false},"excerpt":{"rendered":"<p>A la caza de progres y desencantados, se cocina un frente con sectores que no entraron al armado del PJ. Otros nombres en danza. La grieta centroizquierdista &nbsp; &nbsp; A horas del cierre de alianzas, en Entre R\u00edos la sorpresa surgi\u00f3 del lugar menos pensado. Una alianza entre el Frente Grande y el peronismo d\u00edscolo se cocin\u00f3 en silencio y se prepara para morderle votos al PJ en las legislativas de octubre. Cuentan con una aliada inesperada. La diputada Carolina Gaillard suena para ser cabeza de lista. El armado incluye&#8230;<\/p>\n","protected":false},"author":3,"featured_media":131425,"comment_status":"closed","ping_status":"closed","sticky":false,"template":"","format":"standard","meta":[],"categories":[15],"tags":[],"_links":{"self":[{"href":"https:\/\/www.actualidadadiario.com\/index.php\/wp-json\/wp\/v2\/posts\/131424"}],"collection":[{"href":"https:\/\/www.actualidadadiario.com\/index.php\/wp-json\/wp\/v2\/posts"}],"about":[{"href":"https:\/\/www.actualidadadiario.com\/index.php\/wp-json\/wp\/v2\/types\/post"}],"author":[{"embeddable":true,"href":"https:\/\/www.actualidadadiario.com\/index.php\/wp-json\/wp\/v2\/users\/3"}],"replies":[{"embeddable":true,"href":"https:\/\/www.actualidadadiario.com\/index.php\/wp-json\/wp\/v2\/comments?post=131424"}],"version-history":[{"count":1,"href":"https:\/\/www.actualidadadiario.com\/index.php\/wp-json\/wp\/v2\/posts\/131424\/revisions"}],"predecessor-version":[{"id":131426,"href":"https:\/\/www.actualidadadiario.com\/index.php\/wp-json\/wp\/v2\/posts\/131424\/revisions\/131426"}],"wp:featuredmedia":[{"embeddable":true,"href":"https:\/\/www.actualidadadiario.com\/index.php\/wp-json\/wp\/v2\/media\/131425"}],"wp:attachment":[{"href":"https:\/\/www.actualidadadiario.com\/index.php\/wp-json\/wp\/v2\/media?parent=131424"}],"wp:term":[{"taxonomy":"category","embeddable":true,"href":"https:\/\/www.actualidadadiario.com\/index.php\/wp-json\/wp\/v2\/categories?post=131424"},{"taxonomy":"post_tag","embeddable":true,"href":"https:\/\/www.actualidadadiario.com\/index.php\/wp-json\/wp\/v2\/tags?post=131424"}],"curies":[{"name":"wp","href":"https:\/\/api.w.org\/{rel}","templated":true}]}}