{"id":131421,"date":"2025-08-06T09:27:04","date_gmt":"2025-08-06T12:27:04","guid":{"rendered":"https:\/\/www.actualidadadiario.com\/?p=131421"},"modified":"2025-08-06T09:27:04","modified_gmt":"2025-08-06T12:27:04","slug":"el-proyecto-que-autoriza-al-gobierno-a-tomar-deuda-fue-girado-a-la-comision-de-presupuesto","status":"publish","type":"post","link":"https:\/\/www.actualidadadiario.com\/index.php\/2025\/08\/06\/el-proyecto-que-autoriza-al-gobierno-a-tomar-deuda-fue-girado-a-la-comision-de-presupuesto\/","title":{"rendered":"El proyecto que autoriza al Gobierno a tomar deuda fue girado a la Comisi\u00f3n de Presupuesto"},"content":{"rendered":"<p style=\"text-align: center;\"><em><strong>En la sesi\u00f3n del Senado, que tuvo lugar este martes, tom\u00f3 estado parlamentario la inciativa del Ejecutivo que tiene como objetivo la autorizaci\u00f3n por parte de la Legislatura para tomar deuda de hasta de 500 millones de d\u00f3lares. Fue girada a la Comisi\u00f3n de Presupuesto y Hacienda<\/strong><\/em><\/p>\n<p>&nbsp;<\/p>\n<p>&nbsp;<\/p>\n<p>El pedido se tramit\u00f3 bajo la denominaci\u00f3n \u201cLey de Sostenibilidad de la Deuda P\u00fablica\u201d y en la exposici\u00f3n de fundamentos se consignaron desajustes entre los vencimientos previstos de la deuda provincial y los que efectivamente operaron.<\/p>\n<p>\u201cLa evoluci\u00f3n hist\u00f3rica de la deuda externa provincial ha estado marcada por decisiones financieras, anteriores a nuestro gobierno, las cuales condicionan fuertemente a la gesti\u00f3n actual. La \u00faltima reestructuraci\u00f3n llevada a cabo en marzo de 2021, consecuencia de acciones legales emprendidas por bonistas internacionales, produjo una redistribuci\u00f3n significativa del perfil de vencimientos\u201d, se expresa en el proyecto de ley.<\/p>\n<p>\u201cOriginalmente, entre capital e intereses, los vencimientos para el periodo previo al cambio de gobierno en diciembre de 2023 eran de 313 millones de d\u00f3lares. No obstante, lo efectivamente cancelado fue de 150 millones de d\u00f3lares. En consecuencia, para el periodo 2024-2027, los vencimientos aumentaron de 363 millones a 472 millones de d\u00f3lares, de los cuales ya se han cancelado 191 millones de d\u00f3lares en los \u00faltimos tres vencimientos, estando pr\u00f3ximo a vencer y cancelar el cuarto de ellos&#8221;.<\/p>\n<p>&#8220;Adem\u00e1s, esta reestructuraci\u00f3n extendi\u00f3 los pagos hasta el a\u00f1o 2028, a\u00f1adiendo vencimientos adicionales por casi 100 millones de d\u00f3lares que no estaban contemplados originalmente\u201d, se a\u00f1ade en los fundamentos.<\/p>\n<p>Seg\u00fan public\u00f3 P\u00e1gina Pol\u00edtica, el art\u00edculo 1\u00ba de la propuesta presentada al Senado declara \u201cprioritaria\u201d la \u201crestauraci\u00f3n de la sostenibilidad de la deuda p\u00fablica provincial\u201d.<\/p>\n<p>En el art\u00edculo 2\u00ba se pide la autorizaci\u00f3n para \u201cconcretar actos, operaciones, mecanismos y\/o instrumentos financieros de cr\u00e9dito p\u00fablico, en moneda nacional o extranjera, que juzgue m\u00e1s apropiados para adecuar las condiciones emergentes de las obligaciones derivadas de la deuda p\u00fablica provincial y\/o pagos referentes al Inciso 7: Servicios de la Deuda y Disminuci\u00f3n de Otros Pasivos, incluyendo la restituci\u00f3n al Tesoro Provincial de los fondos erogados por tales conceptos durante el ejercicio 2025, hasta un monto total que no podr\u00e1 exceder los U$S 500.000.000 (d\u00f3lares estadounidenses quinientos millones), o su equivalente en Pesos conforme al tipo de cambio vigente al momento del efectivo ingreso de los fondos\u201d.<\/p>\n<p>Se dispuso como garant\u00eda \u201clas sumas a percibir por el R\u00e9gimen de Coparticipaci\u00f3n Federal de Impuestos Nacionales o el r\u00e9gimen que lo sustituya o modifique, como as\u00ed tambi\u00e9n los recursos tributarios derivados de la propia administraci\u00f3n y recaudaci\u00f3n provincial y que integran la Fuente Tesoro Provincial\u201d.<\/p>\n<p>&nbsp;<\/p>\n<p><strong>Propuesta de nombres a formar parte de la fiscalizaci\u00f3n de OSER<\/strong><\/p>\n<p>A su vez, otro de los puntos destacados en la sesi\u00f3n de este martes, y en el marco la ley 11.202, que implica la creaci\u00f3n de la\u00a0 Obra Social de Entre R\u00edos (OSER), el presidente del bloque de Senadores de Juntos por Entre R\u00edos, Rub\u00e9n Dal Mol\u00edn, propuso que la terna que oficie de S\u00edndico Fiscalizador (art\u00edculos 22 y 23 de la Ley) a Juan Pablo Paludi, Claudio Galizzi y Joaqu\u00edn Alejandro Badaracco.<\/p>\n<p>Las funciones del S\u00edndico Fiscalizador implican: \u201cRealizar auditor\u00edas regulares sobre los estados financieros de la Obra Social, evaluando los ingresos, egresos, inversiones y distribuci\u00f3n de los recursos; Controlar la legalidad, transparencia y eficiencia de los contratos y convenios firmados por la Obra Social con proveedores, prestadores de servicios de salud, entidades p\u00fablicas y privadas; Supervisar el funcionamiento general de la administraci\u00f3n de la Obra Social, asegurando que las actividades se realicen de acuerdo con los principios de eficiencia, legalidad y transparencia; Supervisar la calidad de los servicios de salud ofrecidos, asegur\u00e1ndose de que cumplan con los est\u00e1ndares establecidos por la ley y las regulaciones sanitarias; Proporcionar informaci\u00f3n de manera peri\u00f3dica al Poder Ejecutivo\u201d.<\/p>\n","protected":false},"excerpt":{"rendered":"<p>En la sesi\u00f3n del Senado, que tuvo lugar este martes, tom\u00f3 estado parlamentario la inciativa del Ejecutivo que tiene como objetivo la autorizaci\u00f3n por parte de la Legislatura para tomar deuda de hasta de 500 millones de d\u00f3lares. Fue girada a la Comisi\u00f3n de Presupuesto y Hacienda &nbsp; &nbsp; El pedido se tramit\u00f3 bajo la denominaci\u00f3n \u201cLey de Sostenibilidad de la Deuda P\u00fablica\u201d y en la exposici\u00f3n de fundamentos se consignaron desajustes entre los vencimientos previstos de la deuda provincial y los que efectivamente operaron. \u201cLa evoluci\u00f3n hist\u00f3rica de la&#8230;<\/p>\n","protected":false},"author":3,"featured_media":131422,"comment_status":"closed","ping_status":"closed","sticky":false,"template":"","format":"standard","meta":[],"categories":[15],"tags":[],"_links":{"self":[{"href":"https:\/\/www.actualidadadiario.com\/index.php\/wp-json\/wp\/v2\/posts\/131421"}],"collection":[{"href":"https:\/\/www.actualidadadiario.com\/index.php\/wp-json\/wp\/v2\/posts"}],"about":[{"href":"https:\/\/www.actualidadadiario.com\/index.php\/wp-json\/wp\/v2\/types\/post"}],"author":[{"embeddable":true,"href":"https:\/\/www.actualidadadiario.com\/index.php\/wp-json\/wp\/v2\/users\/3"}],"replies":[{"embeddable":true,"href":"https:\/\/www.actualidadadiario.com\/index.php\/wp-json\/wp\/v2\/comments?post=131421"}],"version-history":[{"count":1,"href":"https:\/\/www.actualidadadiario.com\/index.php\/wp-json\/wp\/v2\/posts\/131421\/revisions"}],"predecessor-version":[{"id":131423,"href":"https:\/\/www.actualidadadiario.com\/index.php\/wp-json\/wp\/v2\/posts\/131421\/revisions\/131423"}],"wp:featuredmedia":[{"embeddable":true,"href":"https:\/\/www.actualidadadiario.com\/index.php\/wp-json\/wp\/v2\/media\/131422"}],"wp:attachment":[{"href":"https:\/\/www.actualidadadiario.com\/index.php\/wp-json\/wp\/v2\/media?parent=131421"}],"wp:term":[{"taxonomy":"category","embeddable":true,"href":"https:\/\/www.actualidadadiario.com\/index.php\/wp-json\/wp\/v2\/categories?post=131421"},{"taxonomy":"post_tag","embeddable":true,"href":"https:\/\/www.actualidadadiario.com\/index.php\/wp-json\/wp\/v2\/tags?post=131421"}],"curies":[{"name":"wp","href":"https:\/\/api.w.org\/{rel}","templated":true}]}}