{"id":131418,"date":"2025-08-06T09:25:42","date_gmt":"2025-08-06T12:25:42","guid":{"rendered":"https:\/\/www.actualidadadiario.com\/?p=131418"},"modified":"2025-08-06T09:25:42","modified_gmt":"2025-08-06T12:25:42","slug":"aseguran-que-la-nueva-obra-social-de-entre-rios-ahorra-1-250-millones-en-salarios-de-funcionarios","status":"publish","type":"post","link":"https:\/\/www.actualidadadiario.com\/index.php\/2025\/08\/06\/aseguran-que-la-nueva-obra-social-de-entre-rios-ahorra-1-250-millones-en-salarios-de-funcionarios\/","title":{"rendered":"Aseguran que la nueva Obra Social de Entre R\u00edos ahorra $1.250 millones en salarios de funcionarios"},"content":{"rendered":"<p style=\"text-align: center;\"><em><strong>Desde la conducci\u00f3n de OSER aseguran que tambi\u00e9n hubo una reducci\u00f3n del 60% en la cantidad de amparos por mes. Dijeron que siguen reduciendo el d\u00e9ficit y est\u00e1n camino a lograr el equilibrio financiero<\/strong><\/em><\/p>\n<p>&nbsp;<\/p>\n<p>&nbsp;<\/p>\n<p>Autoridades de la Obra Social de Entre R\u00edos (OSER), junto al ministro de Salud, Daniel Blanzaco, dieron cuenta de los avances en la gesti\u00f3n de la nueva instituci\u00f3n, donde se destac\u00f3 \u201cel ahorro en cargos en el directorio, que ascendi\u00f3 a 1.250 millones de pesos; y la reducci\u00f3n de amparos en un 60 por ciento\u201c.<\/p>\n<p>\u201cEstamos bajando el costo de la pol\u00edtica para devolverle esos fondos a los afiliados\u201d, dijo el presidente de OSER, Mariano Gallegos, en una conferencia de prensa que brind\u00f3 junto al ministro y al vicepresidente del organismo, Ricardo Garc\u00eda.<\/p>\n<p>El funcionario inform\u00f3 que \u201clos primeros objetivos de la creaci\u00f3n de la OSER ya se empiezan a ver\u201d y, en ese sentido, subray\u00f3 que \u201cel ahorro en la pol\u00edtica en cargos en lo que va de la gesti\u00f3n del organismo durante 2025 asciende a 1.250 millones de pesos, que es el equivalente a dos meses de todas las consultas m\u00e9dicas que se hacen en Entre R\u00edos, que paga la obra social\u201c.<\/p>\n<p>Para graficar el ahorro logrado, precis\u00f3 que \u201ccon el sueldo de un director del Directorio del anterior Iosper, alcanza y sobra para todo el directorio nuevo de la OSER\u201c.<\/p>\n<p>\u201cTodas estas medidas forman parte de la reestructuraci\u00f3n y la reducci\u00f3n del d\u00e9ficit que ten\u00eda el entonces Iosper y que ha heredado la OSER; y estamos muy encaminados en llevarla a un equilibrio. Una vez que lo alcancemos, cada reducci\u00f3n y cada ahorro que se puede hacer, lo vamos a volcar a mejorar la calidad de las prestaciones que est\u00e1n en la cartilla\u201d, subray\u00f3.<\/p>\n<p>Por otro lado, destac\u00f3 la \u201csignificativa reducci\u00f3n de amparos\u201d que ha tenido la OSER, donde se pas\u00f3 de tener 260 el mes anterior a 106 en julio. \u201cEsto forma parte de un gran trabajo del equipo jur\u00eddico y de los equipos que contestan las intimaciones en la obra social que, con una conducci\u00f3n clara y con contratos con prestadores que definen perfectamente qu\u00e9 pr\u00e1cticas se dan, permite que la judicializaci\u00f3n de la salud se haya reducido en un 60 por ciento\u201c, se\u00f1al\u00f3 y expres\u00f3 el compromiso de \u201cque en el mes de septiembre esa reducci\u00f3n sea del 90 por ciento\u201d.<\/p>\n<p>Por su parte, el ministro de Salud dijo que se viene de \u201cun proceso de optimizaci\u00f3n, de hacer mucho m\u00e1s eficiente la obra social y de tratar de devolver los recursos a la gente\u201d, por lo cual defini\u00f3 como \u201cimportante mostrar los primeros datos porque es algo que se va a volcar en las prestaciones. La obra social tiene su autarqu\u00eda, tiene su equipo de gesti\u00f3n; y trabajamos mancomunadamente con el Ministerio de Salud en cuanto a lo que es la rector\u00eda en los programas y en la atenci\u00f3n de la gente\u201d, remarc\u00f3.<\/p>\n<p>A su turno, el vicepresidente de OSER destac\u00f3 el \u201cacercamiento de la obra social a sus afiliados\u201d mediante diversas v\u00edas de comunicaci\u00f3n y el contacto personal. Inform\u00f3 de una \u201cdisminuci\u00f3n significativa de los reclamos\u201c, indicando que las consultas actuales se centran m\u00e1s en tr\u00e1mites de rutina que en la falta de prestaciones.<\/p>\n<p>Resalt\u00f3 la normalizaci\u00f3n en el pago de reintegros en general. Tambi\u00e9n se refiri\u00f3 a la superaci\u00f3n de inconvenientes en medicaci\u00f3n y farmacia, al implementar el \u201cnuevo proceso de provisi\u00f3n de medicamentos en tres pasos\u201d. Finalmente, mencion\u00f3 la implementaci\u00f3n de un programa de capacitaci\u00f3n para el personal.<\/p>\n","protected":false},"excerpt":{"rendered":"<p>Desde la conducci\u00f3n de OSER aseguran que tambi\u00e9n hubo una reducci\u00f3n del 60% en la cantidad de amparos por mes. Dijeron que siguen reduciendo el d\u00e9ficit y est\u00e1n camino a lograr el equilibrio financiero &nbsp; &nbsp; Autoridades de la Obra Social de Entre R\u00edos (OSER), junto al ministro de Salud, Daniel Blanzaco, dieron cuenta de los avances en la gesti\u00f3n de la nueva instituci\u00f3n, donde se destac\u00f3 \u201cel ahorro en cargos en el directorio, que ascendi\u00f3 a 1.250 millones de pesos; y la reducci\u00f3n de amparos en un 60 por&#8230;<\/p>\n","protected":false},"author":3,"featured_media":131419,"comment_status":"closed","ping_status":"closed","sticky":false,"template":"","format":"standard","meta":[],"categories":[15],"tags":[],"_links":{"self":[{"href":"https:\/\/www.actualidadadiario.com\/index.php\/wp-json\/wp\/v2\/posts\/131418"}],"collection":[{"href":"https:\/\/www.actualidadadiario.com\/index.php\/wp-json\/wp\/v2\/posts"}],"about":[{"href":"https:\/\/www.actualidadadiario.com\/index.php\/wp-json\/wp\/v2\/types\/post"}],"author":[{"embeddable":true,"href":"https:\/\/www.actualidadadiario.com\/index.php\/wp-json\/wp\/v2\/users\/3"}],"replies":[{"embeddable":true,"href":"https:\/\/www.actualidadadiario.com\/index.php\/wp-json\/wp\/v2\/comments?post=131418"}],"version-history":[{"count":1,"href":"https:\/\/www.actualidadadiario.com\/index.php\/wp-json\/wp\/v2\/posts\/131418\/revisions"}],"predecessor-version":[{"id":131420,"href":"https:\/\/www.actualidadadiario.com\/index.php\/wp-json\/wp\/v2\/posts\/131418\/revisions\/131420"}],"wp:featuredmedia":[{"embeddable":true,"href":"https:\/\/www.actualidadadiario.com\/index.php\/wp-json\/wp\/v2\/media\/131419"}],"wp:attachment":[{"href":"https:\/\/www.actualidadadiario.com\/index.php\/wp-json\/wp\/v2\/media?parent=131418"}],"wp:term":[{"taxonomy":"category","embeddable":true,"href":"https:\/\/www.actualidadadiario.com\/index.php\/wp-json\/wp\/v2\/categories?post=131418"},{"taxonomy":"post_tag","embeddable":true,"href":"https:\/\/www.actualidadadiario.com\/index.php\/wp-json\/wp\/v2\/tags?post=131418"}],"curies":[{"name":"wp","href":"https:\/\/api.w.org\/{rel}","templated":true}]}}