{"id":131415,"date":"2025-08-06T11:13:53","date_gmt":"2025-08-06T14:13:53","guid":{"rendered":"https:\/\/www.actualidadadiario.com\/?p=131415"},"modified":"2025-08-06T12:13:07","modified_gmt":"2025-08-06T15:13:07","slug":"diputados-la-oposicion-se-guarda-los-vetos-de-milei-para-tratar-durante-la-campana","status":"publish","type":"post","link":"https:\/\/www.actualidadadiario.com\/index.php\/2025\/08\/06\/diputados-la-oposicion-se-guarda-los-vetos-de-milei-para-tratar-durante-la-campana\/","title":{"rendered":"Diputados: la oposici\u00f3n se guarda los vetos de Milei para tratar durante la campa\u00f1a"},"content":{"rendered":"<p style=\"text-align: center;\"><em><strong>Pese a que el Presidente vet\u00f3 la Emergencia en Discapacidad y los proyectos previsionales, la C\u00e1mara baja no los llevar\u00e1 a la sesi\u00f3n de este mi\u00e9rcoles. En cambio, se buscar\u00e1 avanzar con la Emergencia para el Garrahan y la Ley de Financiamiento Universitario<\/strong><\/em><\/p>\n<p>&nbsp;<\/p>\n<p>&nbsp;<\/p>\n<p>Pese a que el presidente Javier Milei vet\u00f3 las leyes previsionales y la Emergencia en Discapacidad en las \u00faltimas horas, la oposici\u00f3n esperar\u00e1 hasta la campa\u00f1a nacional para insistir con esas iniciativas. Por lo pronto, este mi\u00e9rcoles, la C\u00e1mara de Diputados retomar\u00e1 la actividad con una sesi\u00f3n en la que los bloques opositores apuestan a marcarle la cancha al Gobierno con una nueva seguidilla de proyectos inc\u00f3modos. Se viene una segunda parte del a\u00f1o marcada por las elecciones, en la que los gobernadores ser\u00e1n decisivos.<\/p>\n<p>Con los vetos a las leyes previsionales y Emergencia en Discapacidad ya oficializados, la C\u00e1mara de Diputados ya est\u00e1 habilitada a insistir con esos textos. Se trata de la Emergencia en Discapacidad hasta 2026; la actualizaci\u00f3n del bono previsional (llevarlo a $110.000) junto con un incremento en los haberes (en un 7,2%); y la pr\u00f3rroga a la moratoria previsional sancionada durante el gobierno de Alberto Fern\u00e1ndez.<\/p>\n<p>Pero lo cierto es la fecha para avanzar con estos temas a\u00fan no est\u00e1 definida. La \u00fanica certeza que hay es que esta se ver\u00e1 condicionada por el cierre de listas de cara a las elecciones nacionales, as\u00ed como tambi\u00e9n a la campa\u00f1a.<\/p>\n<p>Por un lado, los impulsores de las leyes que Milei vet\u00f3 tienen en la mira el 17 de agosto. Ese d\u00eda es el cierre de listas de las elecciones de octubre. Y, como dijo uno de los diputados de la oposici\u00f3n a este medio, \u201chay que jugar con enojados\u201d. En otras palabras, conf\u00edan en que m\u00e1s de un diputado que no sea contemplado por la lapicera de Karina Milei \u2013al frente del partido de LLA\u2014 termine inclinando la balanza a favor de la oposici\u00f3n.<\/p>\n<p>Pero no solo eso, sino que los bloques que se ubican en la vereda de enfrente del oficialismo apuestan a poner un pie en el freno y dilatar los tiempos porque \u201cest\u00e1 muy dif\u00edcil\u201d construir los dos tercios que se requieren para insistir con las tres leyes vetadas por Milei. En este sentido, algunos diputados opositores creen que la sesi\u00f3n debe celebrarse \u201cen plena campa\u00f1a\u201d para octubre.<\/p>\n<p>\u00bfEl motivo? \u201cPara que quienes banquen el veto y la \u2018pol\u00edtica de la crueldad\u2019 paguen costos\u201d. En otras palabras, la campa\u00f1a ser\u00e1 la que terminar\u00e1 de definir los tiempos del Congreso.<\/p>\n<p>En este contexto, habr\u00e1 que ver c\u00f3mo juegan los gobernadores. En especial, Ignacio Torres (Chubut), Mart\u00edn Llaryora (C\u00f3rdoba), Claudio Vidal (Santa Cruz), Carlos Sadir (Jujuy) y Maximiliano Pullaro (Santa Fe), quienes d\u00edas atr\u00e1s anunciaron su bloque electoral de cara a los comicios de octubre. Y que, en muchas votaciones, durante el primer tramo del gobierno de Milei, le allanaron el camino en el Congreso.<\/p>\n<p>Al mismo tiempo, tambi\u00e9n habr\u00e1 que seguir de cerca si el PRO y LLA finalmente llegan a un acuerdo electoral en la Ciudad de Buenos Aires. El sector de los amarillos que se referencian en Mauricio Macri se distanci\u00f3 de los libertarios al momento de la votaci\u00f3n del aumento para los jubilados: optaron por la abstenci\u00f3n. La concreci\u00f3n (o no) de esa alianza podr\u00eda ser la que termine de inclinar la balanza a favor o en contra del veto.<\/p>\n","protected":false},"excerpt":{"rendered":"<p>Pese a que el Presidente vet\u00f3 la Emergencia en Discapacidad y los proyectos previsionales, la C\u00e1mara baja no los llevar\u00e1 a la sesi\u00f3n de este mi\u00e9rcoles. En cambio, se buscar\u00e1 avanzar con la Emergencia para el Garrahan y la Ley de Financiamiento Universitario &nbsp; &nbsp; Pese a que el presidente Javier Milei vet\u00f3 las leyes previsionales y la Emergencia en Discapacidad en las \u00faltimas horas, la oposici\u00f3n esperar\u00e1 hasta la campa\u00f1a nacional para insistir con esas iniciativas. Por lo pronto, este mi\u00e9rcoles, la C\u00e1mara de Diputados retomar\u00e1 la actividad con&#8230;<\/p>\n","protected":false},"author":3,"featured_media":124678,"comment_status":"closed","ping_status":"closed","sticky":false,"template":"","format":"standard","meta":[],"categories":[18],"tags":[],"_links":{"self":[{"href":"https:\/\/www.actualidadadiario.com\/index.php\/wp-json\/wp\/v2\/posts\/131415"}],"collection":[{"href":"https:\/\/www.actualidadadiario.com\/index.php\/wp-json\/wp\/v2\/posts"}],"about":[{"href":"https:\/\/www.actualidadadiario.com\/index.php\/wp-json\/wp\/v2\/types\/post"}],"author":[{"embeddable":true,"href":"https:\/\/www.actualidadadiario.com\/index.php\/wp-json\/wp\/v2\/users\/3"}],"replies":[{"embeddable":true,"href":"https:\/\/www.actualidadadiario.com\/index.php\/wp-json\/wp\/v2\/comments?post=131415"}],"version-history":[{"count":3,"href":"https:\/\/www.actualidadadiario.com\/index.php\/wp-json\/wp\/v2\/posts\/131415\/revisions"}],"predecessor-version":[{"id":131467,"href":"https:\/\/www.actualidadadiario.com\/index.php\/wp-json\/wp\/v2\/posts\/131415\/revisions\/131467"}],"wp:featuredmedia":[{"embeddable":true,"href":"https:\/\/www.actualidadadiario.com\/index.php\/wp-json\/wp\/v2\/media\/124678"}],"wp:attachment":[{"href":"https:\/\/www.actualidadadiario.com\/index.php\/wp-json\/wp\/v2\/media?parent=131415"}],"wp:term":[{"taxonomy":"category","embeddable":true,"href":"https:\/\/www.actualidadadiario.com\/index.php\/wp-json\/wp\/v2\/categories?post=131415"},{"taxonomy":"post_tag","embeddable":true,"href":"https:\/\/www.actualidadadiario.com\/index.php\/wp-json\/wp\/v2\/tags?post=131415"}],"curies":[{"name":"wp","href":"https:\/\/api.w.org\/{rel}","templated":true}]}}