{"id":131413,"date":"2025-08-05T12:13:11","date_gmt":"2025-08-05T15:13:11","guid":{"rendered":"https:\/\/www.actualidadadiario.com\/?p=131413"},"modified":"2025-08-05T12:13:11","modified_gmt":"2025-08-05T15:13:11","slug":"el-senado-retoma-la-discusion-por-la-ampliacion-de-la-corte-suprema-de-justicia","status":"publish","type":"post","link":"https:\/\/www.actualidadadiario.com\/index.php\/2025\/08\/05\/el-senado-retoma-la-discusion-por-la-ampliacion-de-la-corte-suprema-de-justicia\/","title":{"rendered":"El Senado retoma la discusi\u00f3n por la ampliaci\u00f3n de la Corte Suprema de Justicia"},"content":{"rendered":"<p style=\"text-align: center;\"><em><strong>Las comisiones de Asuntos Constitucionales y de Justicia escuchar\u00e1n argumentos de tres expertos<\/strong><\/em><\/p>\n<p>&nbsp;<\/p>\n<p>&nbsp;<\/p>\n<p>Las comisiones de Asuntos Constitucionales y de Justicia del Senado retoman este martes por la tarde la discusi\u00f3n para ampliar la conformaci\u00f3n de la Corte Suprema de Justicia de los actuales cinco miembros a entre siete y quince.<\/p>\n<p>Ante las comisiones, presididas por la cordobesa federal Alejandra Vigo y el oficialista Juan Carlos Pagotto respectivamente, escuchar\u00e1n los argumentos de tres expositores: la jueza del Tribunal Superior de Justicia de C\u00f3rdoba A\u00edda Tarditti, el constitucionalista Diego Armesto y el integrante de la Academia Nacional de Ciencias y de la Academia Nacional de Derecho de Buenos Aires, Marcelo L\u00f3pez Mesa.<\/p>\n<p>Entre los proyectos de reforma del m\u00e1ximo tribunal, que suman diez propuestas diversas, destacan tres l\u00edneas tem\u00e1ticas: ampliaci\u00f3n de miembros de la Corte Suprema con proyectos que van de los sietes a quince integrantes; paridad de g\u00e9nero; y distribuci\u00f3n de los magistrados en cinco regiones federales, que no puedan tener m\u00e1s de dos representantes cada una.<\/p>\n<p>Actualmente, solo tres de los cinco jueces componen la Corte: Horacio Rosatti, Ricardo Lorenzetti y Carlos Rosenkrantz, luego de dos retiros consecutivos y dos designaciones fallidas, las de Ariel Lijo y Manuel Garc\u00eda-Mansilla.<\/p>\n<p>El 28 de mayo fue el \u00faltimo encuentro de la Comisi\u00f3n de Asuntos Constitucionales, en donde se discute la reforma. La titular del espacio, Alejandra Vigo, reconoci\u00f3 ante la prensa que tambi\u00e9n planean citar a funcionarios del Poder Ejecutivo. &#8220;Esto los involucra directamente&#8221;, defini\u00f3 y anhel\u00f3 obtener alguna sanci\u00f3n pronto: &#8220;Ojal\u00e1 sea este a\u00f1o&#8221;.<\/p>\n<p>Cabe recordar que, de acuerdo a la Constituci\u00f3n, la designaci\u00f3n de los jueces de la Corte Suprema de Justicia requiere del voto positivo de dos tercios de los presentes en el Senado, un tr\u00e1mite que, en las condiciones actuales, requiere necesariamente de un acuerdo entre el oficialismo y la oposici\u00f3n.<\/p>\n","protected":false},"excerpt":{"rendered":"<p>Las comisiones de Asuntos Constitucionales y de Justicia escuchar\u00e1n argumentos de tres expertos &nbsp; &nbsp; Las comisiones de Asuntos Constitucionales y de Justicia del Senado retoman este martes por la tarde la discusi\u00f3n para ampliar la conformaci\u00f3n de la Corte Suprema de Justicia de los actuales cinco miembros a entre siete y quince. Ante las comisiones, presididas por la cordobesa federal Alejandra Vigo y el oficialista Juan Carlos Pagotto respectivamente, escuchar\u00e1n los argumentos de tres expositores: la jueza del Tribunal Superior de Justicia de C\u00f3rdoba A\u00edda Tarditti, el constitucionalista Diego&#8230;<\/p>\n","protected":false},"author":3,"featured_media":129717,"comment_status":"closed","ping_status":"closed","sticky":false,"template":"","format":"standard","meta":[],"categories":[18],"tags":[],"_links":{"self":[{"href":"https:\/\/www.actualidadadiario.com\/index.php\/wp-json\/wp\/v2\/posts\/131413"}],"collection":[{"href":"https:\/\/www.actualidadadiario.com\/index.php\/wp-json\/wp\/v2\/posts"}],"about":[{"href":"https:\/\/www.actualidadadiario.com\/index.php\/wp-json\/wp\/v2\/types\/post"}],"author":[{"embeddable":true,"href":"https:\/\/www.actualidadadiario.com\/index.php\/wp-json\/wp\/v2\/users\/3"}],"replies":[{"embeddable":true,"href":"https:\/\/www.actualidadadiario.com\/index.php\/wp-json\/wp\/v2\/comments?post=131413"}],"version-history":[{"count":1,"href":"https:\/\/www.actualidadadiario.com\/index.php\/wp-json\/wp\/v2\/posts\/131413\/revisions"}],"predecessor-version":[{"id":131414,"href":"https:\/\/www.actualidadadiario.com\/index.php\/wp-json\/wp\/v2\/posts\/131413\/revisions\/131414"}],"wp:featuredmedia":[{"embeddable":true,"href":"https:\/\/www.actualidadadiario.com\/index.php\/wp-json\/wp\/v2\/media\/129717"}],"wp:attachment":[{"href":"https:\/\/www.actualidadadiario.com\/index.php\/wp-json\/wp\/v2\/media?parent=131413"}],"wp:term":[{"taxonomy":"category","embeddable":true,"href":"https:\/\/www.actualidadadiario.com\/index.php\/wp-json\/wp\/v2\/categories?post=131413"},{"taxonomy":"post_tag","embeddable":true,"href":"https:\/\/www.actualidadadiario.com\/index.php\/wp-json\/wp\/v2\/tags?post=131413"}],"curies":[{"name":"wp","href":"https:\/\/api.w.org\/{rel}","templated":true}]}}