{"id":131404,"date":"2025-08-05T12:08:59","date_gmt":"2025-08-05T15:08:59","guid":{"rendered":"https:\/\/www.actualidadadiario.com\/?p=131404"},"modified":"2025-08-05T12:08:59","modified_gmt":"2025-08-05T15:08:59","slug":"otra-polemica-frase-de-milei-si-no-llegaran-a-fin-de-mes-la-calle-estaria-llena-de-cadaveres","status":"publish","type":"post","link":"https:\/\/www.actualidadadiario.com\/index.php\/2025\/08\/05\/otra-polemica-frase-de-milei-si-no-llegaran-a-fin-de-mes-la-calle-estaria-llena-de-cadaveres\/","title":{"rendered":"Otra pol\u00e9mica frase de Milei: \u00abSi no llegaran a fin de mes, la calle estar\u00eda llena de cad\u00e1veres\u00bb"},"content":{"rendered":"<p style=\"text-align: center;\"><em><strong>En un evento de la Fundaci\u00f3n Faro en Puerto Madero, el presidente neg\u00f3 que los argentinos tengan problemas econ\u00f3micos y calific\u00f3 la queja de \u201cpelotudez\u201d. Volvi\u00f3 a defender su veto al aumento de jubilaciones y pensiones por discapacidad<\/strong><\/em><\/p>\n<p>&nbsp;<\/p>\n<p>&nbsp;<\/p>\n<p>El presidente Javier Milei neg\u00f3 que los argentinos tengan problemas para llegar a fin de mes y lanz\u00f3 una de sus frases m\u00e1s pol\u00e9micas al respecto: \u00abSi fuera cierta, ustedes tendr\u00edan que caminar por la calle y estar\u00eda llena de cad\u00e1veres\u00bb.<\/p>\n<p>Las declaraciones del mandatario se produjeron este lunes durante el cierre de un evento de la Fundaci\u00f3n Faro en Puerto Madero. En medio de un discurso a oscuras, Milei calific\u00f3 la idea de que a la gente no le alcanza el dinero como \u00abuna pelotudez\u00bb.<\/p>\n<p>\u00abAhora vienen a decir que no se llega a fin de mes. Convengamos que est\u00e1 claro que la frase suena muy interesante para ponerse sensiblero, pero es muy interesante, porque si fuera cierta, ustedes tendr\u00edan que caminar por la calle y estar\u00eda llena de cad\u00e1veres\u00bb, fue el argumento completo del Presidente para desestimar la crisis de ingresos.<\/p>\n<p>En la misma l\u00ednea, Milei sostuvo que la queja sobre los salarios insuficientes \u00abes un insulto a los que hacen un esfuerzo por la v\u00eda honesta\u00bb, y apunt\u00f3: \u00abEsa vida, los kukas y el periodismo no la conocen\u00bb.<\/p>\n<p>Durante su disertaci\u00f3n, el libertario tambi\u00e9n volvi\u00f3 a pedir paciencia y extendi\u00f3 los plazos para una eventual recuperaci\u00f3n econ\u00f3mica. \u00abSacar adelante al pa\u00eds va a llevar tiempo. No nos vamos a convertir en un pa\u00eds desarrollado de un momento a otro. El proceso puede tardar 30, 35 o 40 a\u00f1os\u00bb, se\u00f1al\u00f3.<\/p>\n","protected":false},"excerpt":{"rendered":"<p>En un evento de la Fundaci\u00f3n Faro en Puerto Madero, el presidente neg\u00f3 que los argentinos tengan problemas econ\u00f3micos y calific\u00f3 la queja de \u201cpelotudez\u201d. Volvi\u00f3 a defender su veto al aumento de jubilaciones y pensiones por discapacidad &nbsp; &nbsp; El presidente Javier Milei neg\u00f3 que los argentinos tengan problemas para llegar a fin de mes y lanz\u00f3 una de sus frases m\u00e1s pol\u00e9micas al respecto: \u00abSi fuera cierta, ustedes tendr\u00edan que caminar por la calle y estar\u00eda llena de cad\u00e1veres\u00bb. Las declaraciones del mandatario se produjeron este lunes durante&#8230;<\/p>\n","protected":false},"author":3,"featured_media":131405,"comment_status":"closed","ping_status":"closed","sticky":false,"template":"","format":"standard","meta":[],"categories":[18],"tags":[],"_links":{"self":[{"href":"https:\/\/www.actualidadadiario.com\/index.php\/wp-json\/wp\/v2\/posts\/131404"}],"collection":[{"href":"https:\/\/www.actualidadadiario.com\/index.php\/wp-json\/wp\/v2\/posts"}],"about":[{"href":"https:\/\/www.actualidadadiario.com\/index.php\/wp-json\/wp\/v2\/types\/post"}],"author":[{"embeddable":true,"href":"https:\/\/www.actualidadadiario.com\/index.php\/wp-json\/wp\/v2\/users\/3"}],"replies":[{"embeddable":true,"href":"https:\/\/www.actualidadadiario.com\/index.php\/wp-json\/wp\/v2\/comments?post=131404"}],"version-history":[{"count":1,"href":"https:\/\/www.actualidadadiario.com\/index.php\/wp-json\/wp\/v2\/posts\/131404\/revisions"}],"predecessor-version":[{"id":131406,"href":"https:\/\/www.actualidadadiario.com\/index.php\/wp-json\/wp\/v2\/posts\/131404\/revisions\/131406"}],"wp:featuredmedia":[{"embeddable":true,"href":"https:\/\/www.actualidadadiario.com\/index.php\/wp-json\/wp\/v2\/media\/131405"}],"wp:attachment":[{"href":"https:\/\/www.actualidadadiario.com\/index.php\/wp-json\/wp\/v2\/media?parent=131404"}],"wp:term":[{"taxonomy":"category","embeddable":true,"href":"https:\/\/www.actualidadadiario.com\/index.php\/wp-json\/wp\/v2\/categories?post=131404"},{"taxonomy":"post_tag","embeddable":true,"href":"https:\/\/www.actualidadadiario.com\/index.php\/wp-json\/wp\/v2\/tags?post=131404"}],"curies":[{"name":"wp","href":"https:\/\/api.w.org\/{rel}","templated":true}]}}