{"id":131380,"date":"2025-08-05T10:03:33","date_gmt":"2025-08-05T13:03:33","guid":{"rendered":"https:\/\/www.actualidadadiario.com\/?p=131380"},"modified":"2025-08-05T10:03:33","modified_gmt":"2025-08-05T13:03:33","slug":"mas-de-245-000-trabajadores-despedidos-cobraron-prestacion-por-desempleo-en-un-ano-y-medio","status":"publish","type":"post","link":"https:\/\/www.actualidadadiario.com\/index.php\/2025\/08\/05\/mas-de-245-000-trabajadores-despedidos-cobraron-prestacion-por-desempleo-en-un-ano-y-medio\/","title":{"rendered":"M\u00e1s de 245.000 trabajadores despedidos cobraron prestaci\u00f3n por desempleo en un a\u00f1o y medio"},"content":{"rendered":"<p style=\"text-align: center;\"><em><strong>De esa cantidad, 174.335 se produjeron durante 2024 y 71.145 en los primeros 6 meses de 2025. Tienen derecho a esta prestaci\u00f3n los despedidos sin justa causa, por finalizaci\u00f3n de contrato o por causas externas al trabajador<\/strong><\/em><\/p>\n<p>&nbsp;<\/p>\n<p>&nbsp;<\/p>\n<p>En los primeros 18 meses de la gesti\u00f3n del actual Gobierno, un dato que destaca es la cantidad de trabajadores que accedieron a la Prestaci\u00f3n por Desempleo en el sector privado. Seg\u00fan las estad\u00edsticas de la Seguridad Social, un total de 245.480 trabajadores han cobrado este beneficio, un claro indicativo de la magnitud de los despidos sin causa atribuible a los empleados. Este dato refleja la crisis laboral que atraviesa el pa\u00eds, y el impacto que tiene en los trabajadores que se ven obligados a recurrir a esta prestaci\u00f3n para paliar la falta de empleo.<\/p>\n<p>De esos 245.480 trabajadores que cobraron la prestaci\u00f3n, la mayor parte, un total de 174.335, corresponde a altas registradas durante el a\u00f1o 2024. En los primeros seis meses de 2025, las nuevas altas fueron de 71.145 trabajadores. Estos n\u00fameros ponen en evidencia la preocupante tendencia en el mercado laboral, especialmente considerando que el Seguro de Desempleo es una medida de \u00faltimo recurso para aquellos que se ven despedidos sin justa causa o por finalizaci\u00f3n de contrato.<\/p>\n<p>&nbsp;<\/p>\n<p><strong>Sectores m\u00e1s afectados por los despidos<\/strong><\/p>\n<p>En cuanto a la distribuci\u00f3n sectorial de estos despidos, se observa que la industria manufacturera ha sido uno de los sectores m\u00e1s golpeados. En el primer semestre de 2025, de las 71.145 altas, 16.408 correspondieron a trabajadores de la industria manufacturera, 14.531 al comercio, 12.359 a la construcci\u00f3n, 3.379 al servicio de comida y alojamiento y 3.213 al transporte.<\/p>\n<p>Por otro lado, en 2024, las cifras mostraron que los sectores m\u00e1s afectados fueron la construcci\u00f3n, con 54.046 trabajadores, y la industria manufacturera, con 36.233. A continuaci\u00f3n, se encuentran el comercio (28.790), las actividades administrativas (14.150), el servicio de transporte (7.158), los servicios de comida y alojamiento (6.493) y el sector de salud y servicios sociales (5.522).<\/p>\n<p>Estos n\u00fameros reflejan la disparidad en el impacto de los despidos seg\u00fan el sector, con \u00e1reas como la construcci\u00f3n y la manufactura concentrando la mayor parte de las altas al Seguro de Desempleo.<\/p>\n<p>&nbsp;<\/p>\n<p><strong>Datos desglosados<\/strong><\/p>\n<p>A partir de junio de 2025, se registraron 96.171 personas percibiendo la Prestaci\u00f3n por Desempleo, con un pago promedio de $261.408. De este total, 66.861 son varones y 29.210 son mujeres. Geogr\u00e1ficamente, se distribuyen mayoritariamente en la Provincia de Buenos Aires (39.932), seguida por Santa Fe (7.456), C\u00f3rdoba (6.976) y la Ciudad Aut\u00f3noma de Buenos Aires (CABA) (6.162).<\/p>\n<p>Esta prestaci\u00f3n econ\u00f3mica est\u00e1 destinada a aquellos trabajadores que fueron despedidos sin causa justificada, por finalizaci\u00f3n de contrato o por otras circunstancias ajenas a su responsabilidad. Para tener derecho a recibirla, el trabajador debe haber tenido al menos seis meses de trabajo con aportes en los \u00faltimos tres a\u00f1os previos al despido.<\/p>\n<p>En el caso de los trabajadores eventuales o de temporada, el requisito cambia, ya que deben haber trabajado m\u00e1s de 90 d\u00edas en el \u00faltimo a\u00f1o y haber trabajado menos de 12 meses en los \u00faltimos tres a\u00f1os.<\/p>\n<p>&nbsp;<\/p>\n<p><strong>C\u00f3mo se calcula la prestaci\u00f3n por desempleo<\/strong><\/p>\n<p>El monto de la prestaci\u00f3n por desempleo se calcula seg\u00fan los ingresos y los meses trabajados con aportes en los \u00faltimos tres a\u00f1os. Para los trabajadores mayores de 45 a\u00f1os, la prestaci\u00f3n se extiende por seis meses adicionales.<\/p>\n<p>Adem\u00e1s, el Consejo del Salario M\u00ednimo establece que la prestaci\u00f3n debe ser equivalente al 75% de la mejor remuneraci\u00f3n mensual del trabajador en los seis meses previos al despido, pero aclara que \u201cen ning\u00fan caso la prestaci\u00f3n mensual podr\u00e1 ser inferior al 50% del Salario M\u00ednimo Vital y M\u00f3vil vigente ni superior al 100%\u201d. Esto significa que, en la pr\u00e1ctica, el techo establecido limita la efectividad de la medida para quienes han tenido remuneraciones m\u00e1s altas en sus trabajos anteriores.<\/p>\n<p>Es importante destacar que, durante el per\u00edodo en el que se cobra la prestaci\u00f3n, los beneficiarios siguen percibiendo asignaciones familiares y mantienen la cobertura de la obra social a la que est\u00e1n afiliados. Adem\u00e1s, los meses de cobro de esta prestaci\u00f3n cuentan como antig\u00fcedad para la jubilaci\u00f3n o pensi\u00f3n, lo que podr\u00eda ser un alivio para los trabajadores que temen perder a\u00f1os de aportes.<\/p>\n","protected":false},"excerpt":{"rendered":"<p>De esa cantidad, 174.335 se produjeron durante 2024 y 71.145 en los primeros 6 meses de 2025. Tienen derecho a esta prestaci\u00f3n los despedidos sin justa causa, por finalizaci\u00f3n de contrato o por causas externas al trabajador &nbsp; &nbsp; En los primeros 18 meses de la gesti\u00f3n del actual Gobierno, un dato que destaca es la cantidad de trabajadores que accedieron a la Prestaci\u00f3n por Desempleo en el sector privado. Seg\u00fan las estad\u00edsticas de la Seguridad Social, un total de 245.480 trabajadores han cobrado este beneficio, un claro indicativo de&#8230;<\/p>\n","protected":false},"author":3,"featured_media":44237,"comment_status":"closed","ping_status":"closed","sticky":false,"template":"","format":"standard","meta":[],"categories":[9],"tags":[],"_links":{"self":[{"href":"https:\/\/www.actualidadadiario.com\/index.php\/wp-json\/wp\/v2\/posts\/131380"}],"collection":[{"href":"https:\/\/www.actualidadadiario.com\/index.php\/wp-json\/wp\/v2\/posts"}],"about":[{"href":"https:\/\/www.actualidadadiario.com\/index.php\/wp-json\/wp\/v2\/types\/post"}],"author":[{"embeddable":true,"href":"https:\/\/www.actualidadadiario.com\/index.php\/wp-json\/wp\/v2\/users\/3"}],"replies":[{"embeddable":true,"href":"https:\/\/www.actualidadadiario.com\/index.php\/wp-json\/wp\/v2\/comments?post=131380"}],"version-history":[{"count":1,"href":"https:\/\/www.actualidadadiario.com\/index.php\/wp-json\/wp\/v2\/posts\/131380\/revisions"}],"predecessor-version":[{"id":131381,"href":"https:\/\/www.actualidadadiario.com\/index.php\/wp-json\/wp\/v2\/posts\/131380\/revisions\/131381"}],"wp:featuredmedia":[{"embeddable":true,"href":"https:\/\/www.actualidadadiario.com\/index.php\/wp-json\/wp\/v2\/media\/44237"}],"wp:attachment":[{"href":"https:\/\/www.actualidadadiario.com\/index.php\/wp-json\/wp\/v2\/media?parent=131380"}],"wp:term":[{"taxonomy":"category","embeddable":true,"href":"https:\/\/www.actualidadadiario.com\/index.php\/wp-json\/wp\/v2\/categories?post=131380"},{"taxonomy":"post_tag","embeddable":true,"href":"https:\/\/www.actualidadadiario.com\/index.php\/wp-json\/wp\/v2\/tags?post=131380"}],"curies":[{"name":"wp","href":"https:\/\/api.w.org\/{rel}","templated":true}]}}