{"id":131378,"date":"2025-08-05T09:37:33","date_gmt":"2025-08-05T12:37:33","guid":{"rendered":"https:\/\/www.actualidadadiario.com\/?p=131378"},"modified":"2025-08-05T09:37:33","modified_gmt":"2025-08-05T12:37:33","slug":"diputados-comienza-a-tratar-un-proyecto-que-equipara-el-regimen-de-licencias-por-adopcion-con-el-que-rige-por-nacimiento","status":"publish","type":"post","link":"https:\/\/www.actualidadadiario.com\/index.php\/2025\/08\/05\/diputados-comienza-a-tratar-un-proyecto-que-equipara-el-regimen-de-licencias-por-adopcion-con-el-que-rige-por-nacimiento\/","title":{"rendered":"Diputados comienza a tratar un proyecto que equipara el r\u00e9gimen de licencias por adopci\u00f3n con el que rige por nacimiento"},"content":{"rendered":"<p style=\"text-align: center;\"><em><strong>El proyecto de ley busca que los empleados p\u00fablicos de Entre R\u00edos tengan los mismos d\u00edas de licencia al adoptar un hijo que al tener uno biol\u00f3gico. La iniciativa busca modernizar la normativa, ajust\u00e1ndola a los derechos actuales de la ni\u00f1ez y la perspectiva de g\u00e9nero. Del encuentro participar\u00e1n la titular del Registro de Adoptantes, el Defensor General de la Provincia y Asociaci\u00f3n Civil \u201cSer Familia por Adopci\u00f3n\u201d<\/strong><\/em><\/p>\n<p>&nbsp;<\/p>\n<p>&nbsp;<\/p>\n<p>El proyecto fue presentado en diciembre del a\u00f1o pasado por la diputada Mariela Bentos (Juntos por Entre R\u00edos) y este martes a las 11:30 comienza a ser abordado en la Comisi\u00f3n de Legislaci\u00f3n General de la C\u00e1mara de Diputados.<\/p>\n<p>De la reuni\u00f3n participar\u00e1n Mar\u00eda Silvana Spais (Secretaria del Registro \u00danico de Aspirantes a Guarda con Fines de Adopci\u00f3n), Maximiliano Ben\u00edtez (Defensor General de la Provincia) y D\u00e9bora Devetter (Asociaci\u00f3n Civil \u201cSer Familia por Adopci\u00f3n\u201d.<\/p>\n<p>El proyecto propone modificar el art\u00edculo 15 de la Ley N\u00b0 3.289 del Estatuto del Empleado P\u00fablico de la Provincia de Entre R\u00edos y equiparar los d\u00edas de licencia con motivo de adopci\u00f3n a los previstos por nacimiento (maternidad), que actualmente se establece en 90 d\u00edas dado, teniendo en cuenta que \u201cel art\u00edculo 558 del C\u00f3digo Civil y Comercial de la Naci\u00f3n postula el principio de igualdad de efectos entre los distintos tipos de fuentes filiales: por naturaleza, por adopci\u00f3n y por t\u00e9cnicas de reproducci\u00f3n humana asistida\u201d, se se\u00f1ala.<\/p>\n<p>La iniciativa propone otorgamiento de licencia con motivo de adopci\u00f3n en dos etapas con el fin de abarcar en su regulaci\u00f3n las distintas y complejas etapas que un proceso adoptivo conlleva. La primera de ellas est\u00e1 dada por las instancias previas al inicio de un proceso de vinculaci\u00f3n con fines adoptivos con el objetivo de realizar los tr\u00e1mites administrativos que demande la inscripci\u00f3n en RUAER y\/o para asistir a entrevistas se\u00f1aladas por el equipo t\u00e9cnico de dicho Organismo y\/o para concurrir a audiencias judiciales convocadas por los Juzgados de Familia del Poder Judicial\u201d.<\/p>\n<p>La segunda etapa propone tambi\u00e9n \u201csignificativas modificaciones al r\u00e9gimen actual-adem\u00e1s del plazo ya referenciado-, en tanto contempla que el goce de la licencia inicie con antelaci\u00f3n al otorgamiento de la guarda con fines adoptivos (la normativa actual hace referencia a \u2018tenencia\u2019), es decir, cuando se inicie el proceso de vinculaci\u00f3n, regulado en el art\u00edculo 109 de la Ley Procesal de Familia de Entre R\u00edos (LPF)- Ley N\u00b0 10.668-\u201c.<\/p>\n<p>En los fundamentos del proyecto, Bentos destac\u00f3 que transcurrieron m\u00e1s de 30 a\u00f1os desde la sanci\u00f3n del r\u00e9gimen de licencias, periodo en el cual \u201cse ha modificado sustancialmente el plexo normativo en materia constitucional, de derechos humanos, de g\u00e9nero y, en especial, del derecho de las familias\u201d, por lo que consider\u00f3 necesario \u201caggiornar\u201d la normativa de licencias.<\/p>\n","protected":false},"excerpt":{"rendered":"<p>El proyecto de ley busca que los empleados p\u00fablicos de Entre R\u00edos tengan los mismos d\u00edas de licencia al adoptar un hijo que al tener uno biol\u00f3gico. La iniciativa busca modernizar la normativa, ajust\u00e1ndola a los derechos actuales de la ni\u00f1ez y la perspectiva de g\u00e9nero. Del encuentro participar\u00e1n la titular del Registro de Adoptantes, el Defensor General de la Provincia y Asociaci\u00f3n Civil \u201cSer Familia por Adopci\u00f3n\u201d &nbsp; &nbsp; El proyecto fue presentado en diciembre del a\u00f1o pasado por la diputada Mariela Bentos (Juntos por Entre R\u00edos) y este&#8230;<\/p>\n","protected":false},"author":3,"featured_media":108113,"comment_status":"closed","ping_status":"closed","sticky":false,"template":"","format":"standard","meta":[],"categories":[15],"tags":[],"_links":{"self":[{"href":"https:\/\/www.actualidadadiario.com\/index.php\/wp-json\/wp\/v2\/posts\/131378"}],"collection":[{"href":"https:\/\/www.actualidadadiario.com\/index.php\/wp-json\/wp\/v2\/posts"}],"about":[{"href":"https:\/\/www.actualidadadiario.com\/index.php\/wp-json\/wp\/v2\/types\/post"}],"author":[{"embeddable":true,"href":"https:\/\/www.actualidadadiario.com\/index.php\/wp-json\/wp\/v2\/users\/3"}],"replies":[{"embeddable":true,"href":"https:\/\/www.actualidadadiario.com\/index.php\/wp-json\/wp\/v2\/comments?post=131378"}],"version-history":[{"count":1,"href":"https:\/\/www.actualidadadiario.com\/index.php\/wp-json\/wp\/v2\/posts\/131378\/revisions"}],"predecessor-version":[{"id":131379,"href":"https:\/\/www.actualidadadiario.com\/index.php\/wp-json\/wp\/v2\/posts\/131378\/revisions\/131379"}],"wp:featuredmedia":[{"embeddable":true,"href":"https:\/\/www.actualidadadiario.com\/index.php\/wp-json\/wp\/v2\/media\/108113"}],"wp:attachment":[{"href":"https:\/\/www.actualidadadiario.com\/index.php\/wp-json\/wp\/v2\/media?parent=131378"}],"wp:term":[{"taxonomy":"category","embeddable":true,"href":"https:\/\/www.actualidadadiario.com\/index.php\/wp-json\/wp\/v2\/categories?post=131378"},{"taxonomy":"post_tag","embeddable":true,"href":"https:\/\/www.actualidadadiario.com\/index.php\/wp-json\/wp\/v2\/tags?post=131378"}],"curies":[{"name":"wp","href":"https:\/\/api.w.org\/{rel}","templated":true}]}}