{"id":131376,"date":"2025-08-05T09:20:00","date_gmt":"2025-08-05T12:20:00","guid":{"rendered":"https:\/\/www.actualidadadiario.com\/?p=131376"},"modified":"2025-08-05T09:20:00","modified_gmt":"2025-08-05T12:20:00","slug":"el-congreso-provincial-de-agmer-se-reunira-este-jueves-en-parana","status":"publish","type":"post","link":"https:\/\/www.actualidadadiario.com\/index.php\/2025\/08\/05\/el-congreso-provincial-de-agmer-se-reunira-este-jueves-en-parana\/","title":{"rendered":"El Congreso Provincial de Agmer se reunir\u00e1 este jueves en Paran\u00e1"},"content":{"rendered":"<p style=\"text-align: center;\"><em><strong>El an\u00e1lisis de la situaci\u00f3n nacional y provincial, como as\u00ed tambi\u00e9n la definici\u00f3n acerca de si el gremio ocupa el lugar que le corresponde en el directorio de OSER ser\u00e1n los temas centrales de la convocatoria<\/strong><\/em><\/p>\n<p>&nbsp;<\/p>\n<p>&nbsp;<\/p>\n<p>La Comisi\u00f3n Directiva Central de la Asociaci\u00f3n Gremial del Magisterio de Entre R\u00edos (Agmer) convoc\u00f3 al 210\u00ba Congreso Extraordinario: la cita es para este jueves 7 de agosto a las 9, con modalidad presencial, en el sal\u00f3n de la Seccional Departamental de Paran\u00e1 (Laprida 136).<\/p>\n<p>El an\u00e1lisis de la situaci\u00f3n nacional y provincial, como as\u00ed tambi\u00e9n la definici\u00f3n acerca de si el gremio ocupa el lugar que le corresponde en el directorio de OSER ser\u00e1n los temas centrales de la convocatoria que se da luego de la presentaci\u00f3n de dos listas de cara a las elecciones para renovar las autoridades gremiales.<\/p>\n<p>&nbsp;<\/p>\n<p><strong>El temario es el siguiente:<\/strong><\/p>\n<ul>\n<li>Elecci\u00f3n de la mesa del Congreso.<\/li>\n<li>Informe de gesti\u00f3n.<\/li>\n<li>An\u00e1lisis de la situaci\u00f3n nacional y provincial.<\/li>\n<li>Definiciones sobre OSER.<\/li>\n<li>Lectura y aprobaci\u00f3n del acta.<\/li>\n<\/ul>\n<p>&nbsp;<\/p>\n<p><strong>Elecciones<\/strong><\/p>\n<p>Dos listas competir\u00e1n por la conducci\u00f3n de la Asociaci\u00f3n Gremial del Magisterio de Entre R\u00edos (Agmer) en las elecciones del pr\u00f3ximo 25 de septiembre para renovar la conducci\u00f3n provincial y la representaci\u00f3n docentes en los \u00f3rganos colegiados del Consejo General de Educaci\u00f3n (CGE).<\/p>\n<p>La contienda electoral se har\u00e1 en el marco de un padr\u00f3n electoral que cuenta con 20.255 docentes en condiciones de votar. En el cuarto oscuro habr\u00e1 dos boletas: la oficialista Marcha Blanca, que lleva como candidato a secretario general de Abel \u201cPachi\u201d Antivero, docente del departamento Islas; y por otro lado la Lista Multicolor que, como en 2021, presenta a la uruguayense Gimena Garc\u00eda como candidata a secretaria general.<\/p>\n<p>&nbsp;<\/p>\n<p><strong>Marcha Blanca<\/strong><\/p>\n<p>Marcha Blanca -la alianza que en 2021 conformaron la Lista Celeste, la Compromiso, la Rojo y Negro y la Paulo Freire- lleva como candidato a Abel Antivero.<\/p>\n<p>Se trata de un docente nacido en San Mart\u00edn, Buenos Aires, en 1980, que creci\u00f3 en Entre R\u00edos. Estudi\u00f3 Profesorado de Historia en el Instituto de Ense\u00f1anza Superior Victoria Ocampo, de Concepci\u00f3n del Uruguay, del que egres\u00f3 en mayo de 2003.<\/p>\n<p>Ha realizado trabajos de investigaci\u00f3n hist\u00f3ricos como \u201cLa Revoluci\u00f3n fusiladora y los sucesos en Concepci\u00f3n del Uruguay\u201d (2003), y \u201cEl accionar de los jesuitas en Entre R\u00edos\u201d (2011).<\/p>\n<p>Fue coordinador de la revista \u201cIntercambio Cultural, Identidad Americana\u201d, una publicaci\u00f3n bimensual del Museo Yutch\u00e1n de Concepci\u00f3n del Uruguay (2003-2004). Desde 2008 vive en Ibicuy, al sur de Entre R\u00edos. Fue secretario general de Agmer Islas del Ibicuy entre 2015 y 2021.<\/p>\n<p>Actualmente, es rector de tercera categor\u00eda en la Escuela Secundaria N\u00b0 6 Rafael Escri\u00f1a, en el paraje Mazaruca, en Islas del Ibicuy.<\/p>\n<p>&nbsp;<\/p>\n<p><strong>Multicolor<\/strong><\/p>\n<p>Por la Multicolor se presenta Gimena Garc\u00eda. Se trata de una profesora de Lengua y Literatura. Nacida en La Paz, criada en Urdinarrain y desde 2007 afincada en Concepci\u00f3n del Uruguay, Gimena Garc\u00eda es actualmente docente de nivel secundario en la Escuela Normal Mariano Moreno y en la Escuela T\u00e9cnica N\u00b0 1 Ana Urquiza de Victoria.<\/p>\n<p>El t\u00edtulo docente lo obtuvo en 2011, un a\u00f1o despu\u00e9s se fue a Buenos Aires, y en 2013 regres\u00f3 a la Provincia, inici\u00f3 la carrera docente y se afili\u00f3 a Agmer. Los primeros pasos como delegada sindical los dio en 2014. En 2015 form\u00f3 parte del nacimiento de la Agrupaci\u00f3n Carlos Fuentealba, que en 2017 se present\u00f3 a las elecciones de Agmer y logr\u00f3 la minor\u00eda en la conducci\u00f3n de Agmer Uruguay.<\/p>\n","protected":false},"excerpt":{"rendered":"<p>El an\u00e1lisis de la situaci\u00f3n nacional y provincial, como as\u00ed tambi\u00e9n la definici\u00f3n acerca de si el gremio ocupa el lugar que le corresponde en el directorio de OSER ser\u00e1n los temas centrales de la convocatoria &nbsp; &nbsp; La Comisi\u00f3n Directiva Central de la Asociaci\u00f3n Gremial del Magisterio de Entre R\u00edos (Agmer) convoc\u00f3 al 210\u00ba Congreso Extraordinario: la cita es para este jueves 7 de agosto a las 9, con modalidad presencial, en el sal\u00f3n de la Seccional Departamental de Paran\u00e1 (Laprida 136). El an\u00e1lisis de la situaci\u00f3n nacional y&#8230;<\/p>\n","protected":false},"author":3,"featured_media":103371,"comment_status":"closed","ping_status":"closed","sticky":false,"template":"","format":"standard","meta":[],"categories":[15],"tags":[],"_links":{"self":[{"href":"https:\/\/www.actualidadadiario.com\/index.php\/wp-json\/wp\/v2\/posts\/131376"}],"collection":[{"href":"https:\/\/www.actualidadadiario.com\/index.php\/wp-json\/wp\/v2\/posts"}],"about":[{"href":"https:\/\/www.actualidadadiario.com\/index.php\/wp-json\/wp\/v2\/types\/post"}],"author":[{"embeddable":true,"href":"https:\/\/www.actualidadadiario.com\/index.php\/wp-json\/wp\/v2\/users\/3"}],"replies":[{"embeddable":true,"href":"https:\/\/www.actualidadadiario.com\/index.php\/wp-json\/wp\/v2\/comments?post=131376"}],"version-history":[{"count":1,"href":"https:\/\/www.actualidadadiario.com\/index.php\/wp-json\/wp\/v2\/posts\/131376\/revisions"}],"predecessor-version":[{"id":131377,"href":"https:\/\/www.actualidadadiario.com\/index.php\/wp-json\/wp\/v2\/posts\/131376\/revisions\/131377"}],"wp:featuredmedia":[{"embeddable":true,"href":"https:\/\/www.actualidadadiario.com\/index.php\/wp-json\/wp\/v2\/media\/103371"}],"wp:attachment":[{"href":"https:\/\/www.actualidadadiario.com\/index.php\/wp-json\/wp\/v2\/media?parent=131376"}],"wp:term":[{"taxonomy":"category","embeddable":true,"href":"https:\/\/www.actualidadadiario.com\/index.php\/wp-json\/wp\/v2\/categories?post=131376"},{"taxonomy":"post_tag","embeddable":true,"href":"https:\/\/www.actualidadadiario.com\/index.php\/wp-json\/wp\/v2\/tags?post=131376"}],"curies":[{"name":"wp","href":"https:\/\/api.w.org\/{rel}","templated":true}]}}