{"id":131374,"date":"2025-08-05T09:14:33","date_gmt":"2025-08-05T12:14:33","guid":{"rendered":"https:\/\/www.actualidadadiario.com\/?p=131374"},"modified":"2025-08-05T09:14:33","modified_gmt":"2025-08-05T12:14:33","slug":"vuelve-el-frio-a-la-provincia","status":"publish","type":"post","link":"https:\/\/www.actualidadadiario.com\/index.php\/2025\/08\/05\/vuelve-el-frio-a-la-provincia\/","title":{"rendered":"Vuelve el fr\u00edo a la provincia?"},"content":{"rendered":"<p style=\"text-align: center;\"><em><strong>Este martes de ma\u00f1ana se registran las temperaturas m\u00e1s bajas de la semana. Se prev\u00e9 un suave repunte los pr\u00f3ximos d\u00edas<\/strong><\/em><\/p>\n<p>&nbsp;<\/p>\n<p>&nbsp;<\/p>\n<p>El Servicio Meteorol\u00f3gico Nacional -SMN- informa que este martes se registra el d\u00eda m\u00e1s fr\u00edo de la semana, con temperaturas m\u00ednimas que rondaron entre los 4.5 y 5 grados en Entre R\u00edos durante la ma\u00f1ana.<\/p>\n<p>Los meteor\u00f3logos informan que este martes habr\u00e1 buenas condiciones del tiempo, con una jornada entre soleada y parcialmente nublada. Durante la tarde se indica una m\u00e1xima de hasta 16 grados.<\/p>\n<p>El pron\u00f3stico extendido informa que habr\u00e1 buen tiempo en la provincia. No hay, por el momento, anuncio de precipitaciones, independientemente de un aumento moment\u00e1neo de la nubosidad el viernes.<\/p>\n<p>En cuanto a las temperaturas, se espera un suave repunte de las t\u00e9rmicas durante la semana, con peque\u00f1as variaciones.<\/p>\n<p>&nbsp;<\/p>\n<p><strong>Pron\u00f3stico para hoy<\/strong><\/p>\n<p>En Paran\u00e1, La Paz, Villaguay, Diamante y Nogoy\u00e1 la m\u00ednima es de 5 grados, con sensaci\u00f3n de 4.5 grados y la m\u00e1xima alcanzar\u00e1 los 16 grados. En la capital y alrededores se espera una jornada con cielo parcialmente nublado.<\/p>\n<p>En Concordia, Federal, Feliciano, Federaci\u00f3n y San Salvador, en tanto, informan una m\u00ednima de 5 grados y una m\u00e1xima de 16 grados. All\u00ed tambi\u00e9n se prev\u00e9 un d\u00eda soleado con algunas nubes.<\/p>\n<p>En Gualeguaych\u00fa, Col\u00f3n, Uruguay, Tala e Islas, se registr\u00f3 una m\u00ednima de 4.5 grados, con sensaci\u00f3n de 3.3 grados y una m\u00e1xima de 14 grados. Se prev\u00e9 un d\u00eda parcialmente nublado.<\/p>\n<p>Finalmente, en Victoria y Gualeguay indican 5 grados de m\u00ednima y 15 grados de m\u00e1xima, con cielo parcialmente nublado durante toda la jornada.<\/p>\n","protected":false},"excerpt":{"rendered":"<p>Este martes de ma\u00f1ana se registran las temperaturas m\u00e1s bajas de la semana. Se prev\u00e9 un suave repunte los pr\u00f3ximos d\u00edas &nbsp; &nbsp; El Servicio Meteorol\u00f3gico Nacional -SMN- informa que este martes se registra el d\u00eda m\u00e1s fr\u00edo de la semana, con temperaturas m\u00ednimas que rondaron entre los 4.5 y 5 grados en Entre R\u00edos durante la ma\u00f1ana. Los meteor\u00f3logos informan que este martes habr\u00e1 buenas condiciones del tiempo, con una jornada entre soleada y parcialmente nublada. Durante la tarde se indica una m\u00e1xima de hasta 16 grados. El pron\u00f3stico&#8230;<\/p>\n","protected":false},"author":3,"featured_media":47639,"comment_status":"closed","ping_status":"closed","sticky":false,"template":"","format":"standard","meta":[],"categories":[15],"tags":[],"_links":{"self":[{"href":"https:\/\/www.actualidadadiario.com\/index.php\/wp-json\/wp\/v2\/posts\/131374"}],"collection":[{"href":"https:\/\/www.actualidadadiario.com\/index.php\/wp-json\/wp\/v2\/posts"}],"about":[{"href":"https:\/\/www.actualidadadiario.com\/index.php\/wp-json\/wp\/v2\/types\/post"}],"author":[{"embeddable":true,"href":"https:\/\/www.actualidadadiario.com\/index.php\/wp-json\/wp\/v2\/users\/3"}],"replies":[{"embeddable":true,"href":"https:\/\/www.actualidadadiario.com\/index.php\/wp-json\/wp\/v2\/comments?post=131374"}],"version-history":[{"count":1,"href":"https:\/\/www.actualidadadiario.com\/index.php\/wp-json\/wp\/v2\/posts\/131374\/revisions"}],"predecessor-version":[{"id":131375,"href":"https:\/\/www.actualidadadiario.com\/index.php\/wp-json\/wp\/v2\/posts\/131374\/revisions\/131375"}],"wp:featuredmedia":[{"embeddable":true,"href":"https:\/\/www.actualidadadiario.com\/index.php\/wp-json\/wp\/v2\/media\/47639"}],"wp:attachment":[{"href":"https:\/\/www.actualidadadiario.com\/index.php\/wp-json\/wp\/v2\/media?parent=131374"}],"wp:term":[{"taxonomy":"category","embeddable":true,"href":"https:\/\/www.actualidadadiario.com\/index.php\/wp-json\/wp\/v2\/categories?post=131374"},{"taxonomy":"post_tag","embeddable":true,"href":"https:\/\/www.actualidadadiario.com\/index.php\/wp-json\/wp\/v2\/tags?post=131374"}],"curies":[{"name":"wp","href":"https:\/\/api.w.org\/{rel}","templated":true}]}}