{"id":131372,"date":"2025-08-05T09:13:50","date_gmt":"2025-08-05T12:13:50","guid":{"rendered":"https:\/\/www.actualidadadiario.com\/?p=131372"},"modified":"2025-08-05T09:13:50","modified_gmt":"2025-08-05T12:13:50","slug":"manana-comienza-el-cronograma-de-pagos-de-becas-provinciales-2","status":"publish","type":"post","link":"https:\/\/www.actualidadadiario.com\/index.php\/2025\/08\/05\/manana-comienza-el-cronograma-de-pagos-de-becas-provinciales-2\/","title":{"rendered":"Ma\u00f1ana comienza el cronograma de pagos de becas provinciales"},"content":{"rendered":"<p style=\"text-align: center;\"><em><strong>El Instituto Becario adelant\u00f3 que este mi\u00e9rcoles inicia el cronograma de pagos correspondiente al mes de agosto, para becas tanto de nivel secundario como superior<\/strong><\/em><\/p>\n<p>&nbsp;<\/p>\n<p>&nbsp;<\/p>\n<p>El director ejecutivo del organismo, Mariano Berdi\u00f1as explic\u00f3 que &#8220;nuestro organismo dar\u00e1 cumplimiento al presente cronograma en tres tramos, comenzando este mi\u00e9rcoles 6 y finalizando el viernes 8 de agosto&#8221;.<\/p>\n<p>En ese sentido, el funcionario provincial subray\u00f3 que &#8220;se trata de nuevas y renovaci\u00f3n, tanto para estudiantes secundarios como terciarios y universitarios&#8221;.<\/p>\n<p>Asimismo, &#8220;el equipo contin\u00faa trabajando en la etapa de evaluaci\u00f3n de solicitudes, por lo que las familias podr\u00e1n seguir con su usuario y contrase\u00f1a el estado actual de su tr\u00e1mite&#8221;, dijo.<\/p>\n<p>&nbsp;<\/p>\n<p><strong>Consultas<\/strong><\/p>\n<p>Finalmente, Berdi\u00f1as manifest\u00f3 que &#8220;quienes quieran realizar consultas se pueden acercar a la Casa Central, en Paran\u00e1, o a cualquiera de nuestras delegaciones departamentales. De la misma manera, se encuentra disponible el chat institucional en www.institutobecario.gov.ar, de lunes a viernes de 8 a 12, siempre con los datos del solicitante para poder brindar una correcta respuesta&#8221;.<\/p>\n<p>&nbsp;<\/p>\n<p><strong>Cronograma agosto<\/strong><\/p>\n<ul>\n<li>Mi\u00e9rcoles 6 \/ Finalizaci\u00f3n de DNI en 0 , 1, 2 y 3 \/ Banco Entre R\u00edos<\/li>\n<li>Jueves 7 \/ Finalizaci\u00f3n de DNI en 4, 5 y 6 \/ Banco Entre R\u00edos<\/li>\n<li>Viernes 8 \/ Finalizaci\u00f3n de DNI en 7, 8 y 9 \/ Banco Entre R\u00edos.<\/li>\n<\/ul>\n","protected":false},"excerpt":{"rendered":"<p>El Instituto Becario adelant\u00f3 que este mi\u00e9rcoles inicia el cronograma de pagos correspondiente al mes de agosto, para becas tanto de nivel secundario como superior &nbsp; &nbsp; El director ejecutivo del organismo, Mariano Berdi\u00f1as explic\u00f3 que &#8220;nuestro organismo dar\u00e1 cumplimiento al presente cronograma en tres tramos, comenzando este mi\u00e9rcoles 6 y finalizando el viernes 8 de agosto&#8221;. En ese sentido, el funcionario provincial subray\u00f3 que &#8220;se trata de nuevas y renovaci\u00f3n, tanto para estudiantes secundarios como terciarios y universitarios&#8221;. Asimismo, &#8220;el equipo contin\u00faa trabajando en la etapa de evaluaci\u00f3n de&#8230;<\/p>\n","protected":false},"author":3,"featured_media":130571,"comment_status":"closed","ping_status":"closed","sticky":false,"template":"","format":"standard","meta":[],"categories":[15],"tags":[],"_links":{"self":[{"href":"https:\/\/www.actualidadadiario.com\/index.php\/wp-json\/wp\/v2\/posts\/131372"}],"collection":[{"href":"https:\/\/www.actualidadadiario.com\/index.php\/wp-json\/wp\/v2\/posts"}],"about":[{"href":"https:\/\/www.actualidadadiario.com\/index.php\/wp-json\/wp\/v2\/types\/post"}],"author":[{"embeddable":true,"href":"https:\/\/www.actualidadadiario.com\/index.php\/wp-json\/wp\/v2\/users\/3"}],"replies":[{"embeddable":true,"href":"https:\/\/www.actualidadadiario.com\/index.php\/wp-json\/wp\/v2\/comments?post=131372"}],"version-history":[{"count":1,"href":"https:\/\/www.actualidadadiario.com\/index.php\/wp-json\/wp\/v2\/posts\/131372\/revisions"}],"predecessor-version":[{"id":131373,"href":"https:\/\/www.actualidadadiario.com\/index.php\/wp-json\/wp\/v2\/posts\/131372\/revisions\/131373"}],"wp:featuredmedia":[{"embeddable":true,"href":"https:\/\/www.actualidadadiario.com\/index.php\/wp-json\/wp\/v2\/media\/130571"}],"wp:attachment":[{"href":"https:\/\/www.actualidadadiario.com\/index.php\/wp-json\/wp\/v2\/media?parent=131372"}],"wp:term":[{"taxonomy":"category","embeddable":true,"href":"https:\/\/www.actualidadadiario.com\/index.php\/wp-json\/wp\/v2\/categories?post=131372"},{"taxonomy":"post_tag","embeddable":true,"href":"https:\/\/www.actualidadadiario.com\/index.php\/wp-json\/wp\/v2\/tags?post=131372"}],"curies":[{"name":"wp","href":"https:\/\/api.w.org\/{rel}","templated":true}]}}