{"id":131369,"date":"2025-08-05T09:13:05","date_gmt":"2025-08-05T12:13:05","guid":{"rendered":"https:\/\/www.actualidadadiario.com\/?p=131369"},"modified":"2025-08-05T09:13:05","modified_gmt":"2025-08-05T12:13:05","slug":"en-la-provincia-tambien-habra-movilizaciones-en-reclamo-al-veto-a-la-ley-de-emergencia-en-discapacidad","status":"publish","type":"post","link":"https:\/\/www.actualidadadiario.com\/index.php\/2025\/08\/05\/en-la-provincia-tambien-habra-movilizaciones-en-reclamo-al-veto-a-la-ley-de-emergencia-en-discapacidad\/","title":{"rendered":"En la provincia tambi\u00e9n habr\u00e1 movilizaciones en reclamo al veto a la Ley de Emergencia en Discapacidad"},"content":{"rendered":"<p style=\"text-align: center;\"><em><strong>Diferentes agrupaciones marcharan en las plazas m\u00e1s importantes de diferentes localidades para pronunciarse en contra de la decisi\u00f3n del Gobierno nacional. En dialogo con esta agencia, Sandra Salina, integrante de la Red de prestadores de Discapacidad de Entre R\u00edos, adelant\u00f3 que en la capital entrerriana la convocatoria est\u00e1 prevista en la explanada de Casa de Gobierno a las 10:30, pero que la misma se replicar\u00e1 en toda la provincia<\/strong><\/em><\/p>\n<p>&nbsp;<\/p>\n<p>&nbsp;<\/p>\n<p>El s\u00e1bado pasado el presidente, Javier Milei, hab\u00eda anunciado que tomar\u00eda la decisi\u00f3n por decreto de anular el proyecto de ley, este lunes se public\u00f3 en el Bolet\u00edn Oficial. Desde el gobierno argumentaron que las iniciativas carecen de fuentes de financiamiento suficientes.<\/p>\n<p>Sandra Salina, integrante de la\u00a0 Red de prestadores de Discapacidad de Entre R\u00edos, defini\u00f3 esta situaci\u00f3n como una \u201cvulneraci\u00f3n contra los derechos de las personas con discapacidad\u201d. Adem\u00e1s, agreg\u00f3 que \u201cel mensaje del presidente nos pareci\u00f3 doloroso y que ninguneaba a las organizaciones, a las personas con discapacidad y a sus familias. Ten\u00edamos esperanza en que reviera la situaci\u00f3n y la pueda tomar con un poco m\u00e1s de humanidad\u201d.<\/p>\n<p>El proyecto 27.793 declaraba la emergencia nacional en discapacidad hasta 2026, creaba una nueva pensi\u00f3n no contributiva compatible con el trabajo formal y establec\u00eda actualizaciones autom\u00e1ticas de aranceles y compensaciones para prestadores. Seg\u00fan informaci\u00f3n de Infobae, el Ejecutivo estim\u00f3 que esto implicar\u00eda un gasto de m\u00e1s de 2 billones de pesos en 2025 y 4,7 billones en 2026, sin contemplar el impacto en el programa de atenci\u00f3n m\u00e9dica \u201cIncluir Salud\u201d.<\/p>\n<p>Salina aclar\u00f3 que \u201cla ley aportar\u00eda, en principio, a un cambio en la situaci\u00f3n de las organizaciones y por tanto, al mismo tiempo, volver a pensar en los derechos de las personas con discapacidad, no solamente en t\u00e9rminos de las prestaciones de salud, sino tambi\u00e9n en prestaciones laborales y educativas. Estamos pensando en una pol\u00edtica de derechos, claramente. En este sentido, es volver a mirar lo que es la Convenci\u00f3n Internacional de los Derechos de las Personas con Discapacidad y frente a esto tambi\u00e9n pensar un presupuesto adecuado\u201d.<\/p>\n<p>Asimismo, mencion\u00f3 que \u201clas organizaciones como las prestaciones que se realizan a las personas con discapacidad en t\u00e9rminos particulares est\u00e1n muy lejos en t\u00e9rminos de cubrir las cuestiones m\u00e1s dichas en t\u00e9rminos de lo que significa el pago. Hablamos que lo que equivale a las prestaciones qued\u00f3 de acuerdo a la situaci\u00f3n econ\u00f3mica del 2023\u201d.<\/p>\n<p>En cuanto a la movilizaci\u00f3n planteada para este martes, desde la Red de prestadores de Discapacidad de Entre R\u00edos invitan\u00a0 a otras organizaciones que no participan de esta Red, y al p\u00fablico que est\u00e9 interesado en acompa\u00f1ar esta lucha. \u201cCreemos que esta ley va a traer derechos a las personas con discapacidad, y por esa raz\u00f3n creemos que no se puede vetar, las cuestiones fiscales no pueden estar de los derechos de las personas\u201d.<\/p>\n<p>&nbsp;<\/p>\n<p><strong>Presupuesto nacional<\/strong><\/p>\n<p>Por otra parte, Salina, es representante de la provincia ante el Consejo Federal de Discapacidad (Cofedis). En este marco, esta agencia pudo saber que desde este organismo se est\u00e1 organizando una asamblea nacional para \u201crealizar acciones en conjunto y poder delinear l\u00edneas de trabajo ante la Agencia Nacional de Discapacidad (Andis)\u00a0 para saber qu\u00e9 va a pasar con la discapacidad en el pa\u00eds\u201d. \u201cEsperamos que tengan un poco de humanidad para poder, insisto en esto, poner un presupuesto que responda a la situaci\u00f3n\u201d.<\/p>\n","protected":false},"excerpt":{"rendered":"<p>Diferentes agrupaciones marcharan en las plazas m\u00e1s importantes de diferentes localidades para pronunciarse en contra de la decisi\u00f3n del Gobierno nacional. En dialogo con esta agencia, Sandra Salina, integrante de la Red de prestadores de Discapacidad de Entre R\u00edos, adelant\u00f3 que en la capital entrerriana la convocatoria est\u00e1 prevista en la explanada de Casa de Gobierno a las 10:30, pero que la misma se replicar\u00e1 en toda la provincia &nbsp; &nbsp; El s\u00e1bado pasado el presidente, Javier Milei, hab\u00eda anunciado que tomar\u00eda la decisi\u00f3n por decreto de anular el proyecto&#8230;<\/p>\n","protected":false},"author":3,"featured_media":131370,"comment_status":"closed","ping_status":"closed","sticky":false,"template":"","format":"standard","meta":[],"categories":[15],"tags":[],"_links":{"self":[{"href":"https:\/\/www.actualidadadiario.com\/index.php\/wp-json\/wp\/v2\/posts\/131369"}],"collection":[{"href":"https:\/\/www.actualidadadiario.com\/index.php\/wp-json\/wp\/v2\/posts"}],"about":[{"href":"https:\/\/www.actualidadadiario.com\/index.php\/wp-json\/wp\/v2\/types\/post"}],"author":[{"embeddable":true,"href":"https:\/\/www.actualidadadiario.com\/index.php\/wp-json\/wp\/v2\/users\/3"}],"replies":[{"embeddable":true,"href":"https:\/\/www.actualidadadiario.com\/index.php\/wp-json\/wp\/v2\/comments?post=131369"}],"version-history":[{"count":1,"href":"https:\/\/www.actualidadadiario.com\/index.php\/wp-json\/wp\/v2\/posts\/131369\/revisions"}],"predecessor-version":[{"id":131371,"href":"https:\/\/www.actualidadadiario.com\/index.php\/wp-json\/wp\/v2\/posts\/131369\/revisions\/131371"}],"wp:featuredmedia":[{"embeddable":true,"href":"https:\/\/www.actualidadadiario.com\/index.php\/wp-json\/wp\/v2\/media\/131370"}],"wp:attachment":[{"href":"https:\/\/www.actualidadadiario.com\/index.php\/wp-json\/wp\/v2\/media?parent=131369"}],"wp:term":[{"taxonomy":"category","embeddable":true,"href":"https:\/\/www.actualidadadiario.com\/index.php\/wp-json\/wp\/v2\/categories?post=131369"},{"taxonomy":"post_tag","embeddable":true,"href":"https:\/\/www.actualidadadiario.com\/index.php\/wp-json\/wp\/v2\/tags?post=131369"}],"curies":[{"name":"wp","href":"https:\/\/api.w.org\/{rel}","templated":true}]}}