{"id":131366,"date":"2025-08-05T09:11:52","date_gmt":"2025-08-05T12:11:52","guid":{"rendered":"https:\/\/www.actualidadadiario.com\/?p=131366"},"modified":"2025-08-05T09:11:52","modified_gmt":"2025-08-05T12:11:52","slug":"la-uader-firmo-un-convenio-con-la-libertad-avanza-para-dar-una-catedra-de-pensamiento-liberal","status":"publish","type":"post","link":"https:\/\/www.actualidadadiario.com\/index.php\/2025\/08\/05\/la-uader-firmo-un-convenio-con-la-libertad-avanza-para-dar-una-catedra-de-pensamiento-liberal\/","title":{"rendered":"La UADER firm\u00f3 un convenio con La Libertad Avanza para dar una c\u00e1tedra de \u201cpensamiento liberal\u201d"},"content":{"rendered":"<p style=\"text-align: center;\"><em><strong>La universidad se mostr\u00f3 con autoridades libertarias que responden a Milei y firmaron un acuerdo para trabajar juntos<\/strong><\/em><\/p>\n<p>&nbsp;<\/p>\n<p>&nbsp;<\/p>\n<p>La Universidad Aut\u00f3noma de Entre R\u00edos \u2013UADER\u2013 firm\u00f3 un convenio de colaboraci\u00f3n entre el partido La Libertad Avanza de Entre R\u00edos y tambi\u00e9n de la departamental Paran\u00e1. El acuerdo se materializ\u00f3 este lunes y ser\u00e1 para incluir una c\u00e1tedra sobre pensamiento liberal.<\/p>\n<p>El anuncio fue en un acto, en que el participaron el rector Luciano Filipuzzi, el presidente del Comit\u00e9 Ejecutivo Provincial y diputado provincial por LLA, Roque Fleitas, y el presidente del Comit\u00e9 Ejecutivo Distrito Paran\u00e1, Andr\u00e9s Laumann.<\/p>\n<p>\u201cEl objetivo de esta firma es generar una instancia institucional para la conformaci\u00f3n de una c\u00e1tedra abierta en el \u00e1mbito de la universidad, que aborde tem\u00e1ticas vinculadas al pensamiento liberal\u201d, indicaron.<\/p>\n","protected":false},"excerpt":{"rendered":"<p>La universidad se mostr\u00f3 con autoridades libertarias que responden a Milei y firmaron un acuerdo para trabajar juntos &nbsp; &nbsp; La Universidad Aut\u00f3noma de Entre R\u00edos \u2013UADER\u2013 firm\u00f3 un convenio de colaboraci\u00f3n entre el partido La Libertad Avanza de Entre R\u00edos y tambi\u00e9n de la departamental Paran\u00e1. El acuerdo se materializ\u00f3 este lunes y ser\u00e1 para incluir una c\u00e1tedra sobre pensamiento liberal. El anuncio fue en un acto, en que el participaron el rector Luciano Filipuzzi, el presidente del Comit\u00e9 Ejecutivo Provincial y diputado provincial por LLA, Roque Fleitas, y&#8230;<\/p>\n","protected":false},"author":3,"featured_media":131367,"comment_status":"closed","ping_status":"closed","sticky":false,"template":"","format":"standard","meta":[],"categories":[15],"tags":[],"_links":{"self":[{"href":"https:\/\/www.actualidadadiario.com\/index.php\/wp-json\/wp\/v2\/posts\/131366"}],"collection":[{"href":"https:\/\/www.actualidadadiario.com\/index.php\/wp-json\/wp\/v2\/posts"}],"about":[{"href":"https:\/\/www.actualidadadiario.com\/index.php\/wp-json\/wp\/v2\/types\/post"}],"author":[{"embeddable":true,"href":"https:\/\/www.actualidadadiario.com\/index.php\/wp-json\/wp\/v2\/users\/3"}],"replies":[{"embeddable":true,"href":"https:\/\/www.actualidadadiario.com\/index.php\/wp-json\/wp\/v2\/comments?post=131366"}],"version-history":[{"count":1,"href":"https:\/\/www.actualidadadiario.com\/index.php\/wp-json\/wp\/v2\/posts\/131366\/revisions"}],"predecessor-version":[{"id":131368,"href":"https:\/\/www.actualidadadiario.com\/index.php\/wp-json\/wp\/v2\/posts\/131366\/revisions\/131368"}],"wp:featuredmedia":[{"embeddable":true,"href":"https:\/\/www.actualidadadiario.com\/index.php\/wp-json\/wp\/v2\/media\/131367"}],"wp:attachment":[{"href":"https:\/\/www.actualidadadiario.com\/index.php\/wp-json\/wp\/v2\/media?parent=131366"}],"wp:term":[{"taxonomy":"category","embeddable":true,"href":"https:\/\/www.actualidadadiario.com\/index.php\/wp-json\/wp\/v2\/categories?post=131366"},{"taxonomy":"post_tag","embeddable":true,"href":"https:\/\/www.actualidadadiario.com\/index.php\/wp-json\/wp\/v2\/tags?post=131366"}],"curies":[{"name":"wp","href":"https:\/\/api.w.org\/{rel}","templated":true}]}}