{"id":131363,"date":"2025-07-31T10:48:33","date_gmt":"2025-07-31T13:48:33","guid":{"rendered":"https:\/\/www.actualidadadiario.com\/?p=131363"},"modified":"2025-07-31T10:48:33","modified_gmt":"2025-07-31T13:48:33","slug":"sera-en-las-urnas-la-respuesta-del-gobierno-a-la-alianza-de-gobernadores","status":"publish","type":"post","link":"https:\/\/www.actualidadadiario.com\/index.php\/2025\/07\/31\/sera-en-las-urnas-la-respuesta-del-gobierno-a-la-alianza-de-gobernadores\/","title":{"rendered":"&#8220;Ser\u00e1 en las urnas&#8221;: la respuesta del Gobierno a la alianza de gobernadores"},"content":{"rendered":"<p style=\"text-align: center;\"><em><strong>El Gobierno espera conseguir los votos necesarios en el Congreso para sostener los vetos presidenciales. Guillermo Francos reclam\u00f3 a las provincias que \u201chagan su parte\u201d en la reducci\u00f3n del gasto<\/strong><\/em><\/p>\n<p>&nbsp;<\/p>\n<p>&nbsp;<\/p>\n<p>Mientras se negocia la estrategia en el Congreso para ratificar los pr\u00f3ximos vetos del presidente Milei, el Gobierno descart\u00f3 que la flamante alianza electoral conformada por cinco gobernadores vaya a frenar las tratativas para rechazar las leyes de aumento para jubilados, la restituci\u00f3n de la moratoria previsional y la emergencia en discapacidad.<\/p>\n<p>Los gobernadores Mart\u00edn Llaryora (C\u00f3rdoba), Carlos Sadir (Jujuy), Maximiliano Pullaro (Santa Fe), Claudio Vidal (Santa Cruz) e Ignacio Torres (Chubut) acordaron un frente electoral para competir en octubre. El encuentro se enmarc\u00f3 bajo la consigna: \u201cUn grito federal\u201d. Los mandatarios provinciales se reunieron en la Casa de Chubut esperan sumar otros gobernadores al frente y que la unidad federal tenga un impacto parlamentario.<\/p>\n<p>El jefe de Gabinete, Guillermo Francos, asegur\u00f3 que lograr\u00e1n el respaldo necesario para derogar las medidas impulsadas por la oposici\u00f3n. \u201cEso lo veremos en el Congreso, creo que obtendremos los votos para sostener los vetos, hay varios legisladores que van a acompa\u00f1ar\u201d, se\u00f1al\u00f3.<\/p>\n<p>Las negociaciones con los gobernadores siguen en pie. El oficialismo le advirti\u00f3 a la oposici\u00f3n que la jugada \u201cpuede que le salga al rev\u00e9s\u201d.<\/p>\n<p>En primer lugar, tiene que concretarse el veto presidencial, que tiene como plazo m\u00e1ximo el pr\u00f3ximo lunes 4 de agosto. Luego, deber\u00e1 juntarse la cantidad de diputados necesarios para habilitar la sesi\u00f3n, o sea, 129 legisladores. \u201cSi es que se tratan, porque para eso deben conseguir qu\u00f3rum en diputados. Y si lo consiguen, puede ser que existan los votos suficientes para sostener los vetos y les salga la jugada al rev\u00e9s&#8221;, asegur\u00f3 Francos.<\/p>\n<p>El jefe de Gabinete hizo una advertencia a las provincias a que \u201chagan su parte\u201d en la reducci\u00f3n del gasto p\u00fablico y record\u00f3 que \u201cel equilibrio fiscal que tenga la Naci\u00f3n, es lo que impacta en las variables macroecon\u00f3micas\u201d.<\/p>\n<p>\u201dLa gente tiene que decidir si elige el viejo sistema donde se repart\u00edan recursos inexistentes u otro que propone que esta es la forma de combatir los males hist\u00f3ricos de nuestro pa\u00eds, terminar con los gastos enormes del Estado, que acarrean la inflaci\u00f3n, y mantener el super\u00e1vit como uno de los elementos estrat\u00e9gicos, con derrumbe de la inflaci\u00f3n&#8221;, dijo, al tiempo en el que agreg\u00f3: &#8220;Eso es lo que vamos a confrontar\u201d.<\/p>\n<p>El \u00faltimo foco de conflicto entre el Gobierno y los gobernadores fue la presentaci\u00f3n de los proyectos impulsados por las provincias para modificar los Aportes del tesoro Nacional (ATN) y de la coparticipaci\u00f3n del Impuesto a los Combustibles L\u00edquidos (ICL).<\/p>\n","protected":false},"excerpt":{"rendered":"<p>El Gobierno espera conseguir los votos necesarios en el Congreso para sostener los vetos presidenciales. Guillermo Francos reclam\u00f3 a las provincias que \u201chagan su parte\u201d en la reducci\u00f3n del gasto &nbsp; &nbsp; Mientras se negocia la estrategia en el Congreso para ratificar los pr\u00f3ximos vetos del presidente Milei, el Gobierno descart\u00f3 que la flamante alianza electoral conformada por cinco gobernadores vaya a frenar las tratativas para rechazar las leyes de aumento para jubilados, la restituci\u00f3n de la moratoria previsional y la emergencia en discapacidad. Los gobernadores Mart\u00edn Llaryora (C\u00f3rdoba), Carlos&#8230;<\/p>\n","protected":false},"author":3,"featured_media":124506,"comment_status":"closed","ping_status":"closed","sticky":false,"template":"","format":"standard","meta":[],"categories":[18],"tags":[],"_links":{"self":[{"href":"https:\/\/www.actualidadadiario.com\/index.php\/wp-json\/wp\/v2\/posts\/131363"}],"collection":[{"href":"https:\/\/www.actualidadadiario.com\/index.php\/wp-json\/wp\/v2\/posts"}],"about":[{"href":"https:\/\/www.actualidadadiario.com\/index.php\/wp-json\/wp\/v2\/types\/post"}],"author":[{"embeddable":true,"href":"https:\/\/www.actualidadadiario.com\/index.php\/wp-json\/wp\/v2\/users\/3"}],"replies":[{"embeddable":true,"href":"https:\/\/www.actualidadadiario.com\/index.php\/wp-json\/wp\/v2\/comments?post=131363"}],"version-history":[{"count":1,"href":"https:\/\/www.actualidadadiario.com\/index.php\/wp-json\/wp\/v2\/posts\/131363\/revisions"}],"predecessor-version":[{"id":131364,"href":"https:\/\/www.actualidadadiario.com\/index.php\/wp-json\/wp\/v2\/posts\/131363\/revisions\/131364"}],"wp:featuredmedia":[{"embeddable":true,"href":"https:\/\/www.actualidadadiario.com\/index.php\/wp-json\/wp\/v2\/media\/124506"}],"wp:attachment":[{"href":"https:\/\/www.actualidadadiario.com\/index.php\/wp-json\/wp\/v2\/media?parent=131363"}],"wp:term":[{"taxonomy":"category","embeddable":true,"href":"https:\/\/www.actualidadadiario.com\/index.php\/wp-json\/wp\/v2\/categories?post=131363"},{"taxonomy":"post_tag","embeddable":true,"href":"https:\/\/www.actualidadadiario.com\/index.php\/wp-json\/wp\/v2\/tags?post=131363"}],"curies":[{"name":"wp","href":"https:\/\/api.w.org\/{rel}","templated":true}]}}