{"id":131358,"date":"2025-07-31T10:46:02","date_gmt":"2025-07-31T13:46:02","guid":{"rendered":"https:\/\/www.actualidadadiario.com\/?p=131358"},"modified":"2025-07-31T10:46:02","modified_gmt":"2025-07-31T13:46:02","slug":"se-acercan-los-vetos-y-el-oficialismo-acelera-negociaciones-para-sostener-la-decision-de-milei","status":"publish","type":"post","link":"https:\/\/www.actualidadadiario.com\/index.php\/2025\/07\/31\/se-acercan-los-vetos-y-el-oficialismo-acelera-negociaciones-para-sostener-la-decision-de-milei\/","title":{"rendered":"Se acercan los vetos y el oficialismo acelera negociaciones para sostener la decisi\u00f3n de Milei"},"content":{"rendered":"<p style=\"text-align: center;\"><em><strong>Un factor clave en el voto de algunos legisladores ser\u00e1 los acuerdos electorales que ciertos gobernadores cierren con LLA. El papel de las ausencias y las abstenciones tambi\u00e9n ser\u00e1 determinante para inclinar la balanza<\/strong><\/em><\/p>\n<p>&nbsp;<\/p>\n<p>&nbsp;<\/p>\n<p>Los d\u00edas para conocer los vetos anunciados por el presidente Javier Milei sobre las leyes de jubilaciones y discapacidad se acortan, dado que la fecha l\u00edmite es hasta el pr\u00f3ximo 4 de agosto. Durante las dos semanas que la actividad parlamentaria se fren\u00f3 por el receso invernal, el Gobierno no dej\u00f3 de negociar en busca de apoyos que le permitan blindar el rechazo a esas normas, originadas todas en Diputados.<\/p>\n<p>La semana en que las leyes se traten nuevamente en la C\u00e1mara baja no ser\u00e1 un factor menor: el condicionante de algunos gobernadores sobre legisladores que les responden pesar\u00e1 m\u00e1s luego de que se cierren las alianzas a nivel nacional, el 7 de agosto, y se confirmen los acuerdos entre ciertos mandatarios y La Libertad Avanza. Algunos ya se conocen, como el caso de Mendoza.<\/p>\n<p>Para el oficialismo cada voto ser\u00e1 determinante para conformar un tercio de los presentes que le permita sostener los vetos. Con una sesi\u00f3n donde las ausencias y abstenciones jugar\u00e1n fuerte, LLA se asegur\u00f3 recientemente exhibir una demostraci\u00f3n de fuerza con la incorporaci\u00f3n a su interbloque de los radicales \u201cpeluca\u201d.<\/p>\n<p>M\u00e1s all\u00e1 del apoyo que los integrantes de La Liga del Interior ya hab\u00edan adoptado desde los vetos del a\u00f1o pasado, en la votaci\u00f3n original de las leyes de jubilaciones y discapacidad algunos de sus miembros estuvieron ausentes. Fueron el tucumano Mariano Campero y el misionero Mart\u00edn Arjol. Su presencia esta pr\u00f3xima vez ser\u00e1 determinante para que el oficialismo sume dos votos m\u00e1s a su favor.<\/p>\n<p>En el caso de la norma que dispuso un aumento del 7,2% para todas las jubilaciones y un incremento del bono de 70 a 110 mil pesos, la oposici\u00f3n no logr\u00f3 los dos tercios de los presentes en esa votaci\u00f3n. Estuvo a 10.<\/p>\n<p>Entre los ausentes que pertenecen a alguno de los bloques opositores que se articularon detr\u00e1s de esas leyes, hubo 9. Pero, la garant\u00eda de que todos esos lleguen a estar presentes en la votaci\u00f3n de los vetos no es total, dado que entre ellos hay quienes cursan problemas de salud. Un ejemplo de esto es el \u00fanico ausente que tuvo Encuentro Federal, el chubutense Jorge \u201cLoma\u201d \u00c1vila, quien por pedido del gobernador Ignacio \u201cNacho\u201d Torres -uno de los que rechaz\u00f3 acordar electoralmente con LLA- podr\u00eda sumar para la oposici\u00f3n, pero no es opci\u00f3n asegurada.<\/p>\n<p>Por su parte, uno de los que falt\u00f3 por Democracia para Siempre, la bancada de radicales d\u00edscolos, fue el chaque\u00f1o Juan Carlos Polini, que responde al gobernador Leandro Zdero, quien fue en alianza con los libertarios en las elecciones locales. Tampoco se prev\u00e9 que sume al poroteo de los impulsores de ratificar la ley.<\/p>\n<p>Del resto de los ausentes a la hora de votar el aumento a las jubilaciones, por el lado de los aliados del oficialismo hubo 19. Dos fueron los mencionados Campero y Cervi, mientras que la propia LLA tuvo otros dos que no estuvieron; sin embargo, entre ellos una es Marcela Pagano, quien en la \u00faltima sesi\u00f3n pedida por la oposici\u00f3n dio qu\u00f3rum y vot\u00f3 a favor de los emplazamientos por el Garrahan y financiamiento universitario, a contramano de su bloque.<\/p>\n<p>La bancada que m\u00e1s ausentes tuvo en esa oportunidad fue Innovaci\u00f3n Federal, compuesta por legisladores que responden a los gobernadores de Misiones, Salta y R\u00edo Negro. S\u00f3lo dos salte\u00f1as bajaron y votaron a favor. Una de ellas, Pamela Calletti, la presidenta del bloque, confirm\u00f3 en declaraciones radiales que apoyar\u00e1 nuevamente las leyes, public\u00f3 Parlamentario.<\/p>\n<p>&nbsp;<\/p>\n<p><strong>\u00bfC\u00f3mo votar\u00e1 esta vez Innovaci\u00f3n Federal?<\/strong><\/p>\n<p>As\u00ed como fueron varias las ausencias, tambi\u00e9n resultaron las abstenciones, entre las que hubo 9 del Pro, tres de ellas correspondientes a diputadas bonaerenses. Una es Mar\u00eda Sotolano, que responde a Jorge Macri, pero hoy candidata a legisladora provincial por la tercera secci\u00f3n en la boleta del Frente Libertad Avanza, lo cual hace suponer que podr\u00eda acompa\u00f1ar esta vez al oficialismo.<\/p>\n<p>Pero los apoyos dentro de ese conjunto de macristas que se abstuvieron hacia el veto del presidente no est\u00e1 asegurado. De las heridas internas en el Pro por el armado electoral bonaerense -y la dura derrota en CABA- se suman las advertencias de Mar\u00eda Eugenia Vidal respecto de la situaci\u00f3n de los jubilados y el reclamo hacia el Gobierno sobre alg\u00fan tipo de asistencia a este sector.<\/p>\n<p>El grupo de abstenciones lo completaron un santacruce\u00f1o y la mayor\u00eda del bloque UCR, donde se destacan los mendocinos Lisandro Nieri y Pamela Verasay, que responden al gobernador Alfredo Cornejo, socio de LLA para las pr\u00f3ximas elecciones. As\u00ed, se pronostica que esas abstenciones se conviertan en votos a favor del veto.<\/p>\n<p>Se ver\u00e1 si los tres tucumanos de Independencia, bajo las \u00f3rdenes de Osvaldo Jaldo, mantienen su posici\u00f3n a favor de las leyes o la cambian. El gobernador tucumano est\u00e1 cada vez m\u00e1s cr\u00edtico con LLA.<\/p>\n<p>Tambi\u00e9n deber\u00e1 trabajar el oficialismo sobre el MID, bloque por el cual solo asisti\u00f3 Cecilia Ib\u00e1\u00f1ez, que vot\u00f3 en contra de las leyes. Oscar Zago y Eduardo Falcone se ausentaron. Desde hace semanas reclaman que no se haya tratado su propuesta para terminar con las jubilaciones de privilegio y as\u00ed financiar un aumento a los haberes previsionales m\u00e1s bajos. Para colmo, Milei critic\u00f3 en la Sociedad Rural al Congreso por no avanzar en este sentido, pero Falcone reproch\u00f3 en uno de los \u00faltimos plenarios de comisiones que Jos\u00e9 Luis Espert nunca atendi\u00f3 a su pedido para informar sobre el ahorro fiscal que implicar\u00eda poner fin a los reg\u00edmenes especiales.<\/p>\n<p>Recientemente, Zago consider\u00f3 que los jubilados \u201cse merecen tener mucho m\u00e1s aumento y solamente est\u00e1n reclamando lo que se perdi\u00f3\u201d. \u201c\u00bfLe vamos a solucionar la vida con el 7,2%? No, pero es mejor para arriba que para abajo siempre\u201d, agreg\u00f3 y afirm\u00f3 que \u201cnunca\u201d fue \u201ch\u00e9roe\u201d, apodo que Milei hab\u00eda puesto el a\u00f1o pasado a quienes apoyaron sus vetos, \u201cpero tampoco soy genocida\u201d, manifest\u00f3, al rechazar las declaraciones del presidente sobre quienes no avalen esta vez su decisi\u00f3n.<\/p>\n<p>En el caso del veto a la ley que busca restituir la moratoria previsional, la oposici\u00f3n corre con una desventaja significativa. Durante la sesi\u00f3n en Diputados, result\u00f3 incluso una sorpresa que el proyecto motorizado por Uni\u00f3n por la Patria saliera. La votaci\u00f3n estuvo lejos de los dos tercios en ambas c\u00e1maras y la b\u00fasqueda de m\u00e1s voluntades positivas no se vislumbra f\u00e1cil.<\/p>\n<p>Adem\u00e1s de UP, el Frente de Izquierda y un pu\u00f1ado de Encuentro Federal, votaron a favor de la norma el santacruce\u00f1o Sergio Acevedo, el santafesino Roberto Mirabella, la mendocina Lourdes Arrieta, los tres tucumanos de Independencia, dos salte\u00f1as de Innovaci\u00f3n y la sanjuanina Nancy Pic\u00f3n Mart\u00ednez, quien ser\u00e1 mirada con atenci\u00f3n. Sucede que la legisladora responde al gobernador Marcelo Orrego, de buena sinton\u00eda con Casa Rosada. El bloque Producci\u00f3n y Trabajo tambi\u00e9n lo integra Mar\u00eda de los \u00c1ngeles Moreno, quien estuvo ausente esa vez. Pero ambas siempre se movieron como aliadas de LLA.<\/p>\n<p>En cuanto a la ley de emergencia en discapacidad, \u00e9sta sali\u00f3 con el voto de los dos tercios de los presentes. Aunque el tablero marc\u00f3 148 votos positivos, hubo 150, porque el radical Rodrigo de Loredo y la camporista Paula Penacca manifestaron a viva voz su voto. Las abstenciones fueron solo tres y una de ellas correspondi\u00f3 al entrerriano Francisco Morchio, quien responde al gobernador Rogelio Frigerio, en conversaciones con LLA para el armado electoral. En cuanto a las dos leyes sobre jubilaciones, el legislador las vot\u00f3 en contra. Con lo cual la lupa estar\u00e1 sobre c\u00f3mo se planta en este caso.<\/p>\n","protected":false},"excerpt":{"rendered":"<p>Un factor clave en el voto de algunos legisladores ser\u00e1 los acuerdos electorales que ciertos gobernadores cierren con LLA. El papel de las ausencias y las abstenciones tambi\u00e9n ser\u00e1 determinante para inclinar la balanza &nbsp; &nbsp; Los d\u00edas para conocer los vetos anunciados por el presidente Javier Milei sobre las leyes de jubilaciones y discapacidad se acortan, dado que la fecha l\u00edmite es hasta el pr\u00f3ximo 4 de agosto. Durante las dos semanas que la actividad parlamentaria se fren\u00f3 por el receso invernal, el Gobierno no dej\u00f3 de negociar en&#8230;<\/p>\n","protected":false},"author":3,"featured_media":124678,"comment_status":"closed","ping_status":"closed","sticky":false,"template":"","format":"standard","meta":[],"categories":[18],"tags":[],"_links":{"self":[{"href":"https:\/\/www.actualidadadiario.com\/index.php\/wp-json\/wp\/v2\/posts\/131358"}],"collection":[{"href":"https:\/\/www.actualidadadiario.com\/index.php\/wp-json\/wp\/v2\/posts"}],"about":[{"href":"https:\/\/www.actualidadadiario.com\/index.php\/wp-json\/wp\/v2\/types\/post"}],"author":[{"embeddable":true,"href":"https:\/\/www.actualidadadiario.com\/index.php\/wp-json\/wp\/v2\/users\/3"}],"replies":[{"embeddable":true,"href":"https:\/\/www.actualidadadiario.com\/index.php\/wp-json\/wp\/v2\/comments?post=131358"}],"version-history":[{"count":1,"href":"https:\/\/www.actualidadadiario.com\/index.php\/wp-json\/wp\/v2\/posts\/131358\/revisions"}],"predecessor-version":[{"id":131359,"href":"https:\/\/www.actualidadadiario.com\/index.php\/wp-json\/wp\/v2\/posts\/131358\/revisions\/131359"}],"wp:featuredmedia":[{"embeddable":true,"href":"https:\/\/www.actualidadadiario.com\/index.php\/wp-json\/wp\/v2\/media\/124678"}],"wp:attachment":[{"href":"https:\/\/www.actualidadadiario.com\/index.php\/wp-json\/wp\/v2\/media?parent=131358"}],"wp:term":[{"taxonomy":"category","embeddable":true,"href":"https:\/\/www.actualidadadiario.com\/index.php\/wp-json\/wp\/v2\/categories?post=131358"},{"taxonomy":"post_tag","embeddable":true,"href":"https:\/\/www.actualidadadiario.com\/index.php\/wp-json\/wp\/v2\/tags?post=131358"}],"curies":[{"name":"wp","href":"https:\/\/api.w.org\/{rel}","templated":true}]}}