{"id":131356,"date":"2025-07-31T10:45:04","date_gmt":"2025-07-31T13:45:04","guid":{"rendered":"https:\/\/www.actualidadadiario.com\/?p=131356"},"modified":"2025-07-31T10:45:04","modified_gmt":"2025-07-31T13:45:04","slug":"la-reforma-de-la-corte-suprema-volvera-al-senado-plantean-la-ampliacion-de-miembros-y-la-paridad-de-genero","status":"publish","type":"post","link":"https:\/\/www.actualidadadiario.com\/index.php\/2025\/07\/31\/la-reforma-de-la-corte-suprema-volvera-al-senado-plantean-la-ampliacion-de-miembros-y-la-paridad-de-genero\/","title":{"rendered":"La reforma de la Corte Suprema volver\u00e1 al Senado: plantean la ampliaci\u00f3n de miembros y la paridad de g\u00e9nero"},"content":{"rendered":"<p style=\"text-align: center;\"><em><strong>Se retomar\u00eda el debate la pr\u00f3xima semana. El m\u00e1ximo tribunal, que tiene 5 miembros, podr\u00eda pasar a tener entre 7 y 15 miembros<\/strong><\/em><\/p>\n<p>&nbsp;<\/p>\n<p>&nbsp;<\/p>\n<p>El Senado de la Naci\u00f3n sent\u00f3 una postura en su \u00faltima sesi\u00f3n: tiene capacidad de da\u00f1o. Ese es el marco en el que busca generar consensos interbloques para reformar la Corte Suprema de Justicia, que deber\u00eda tener cinco miembros pero actualmente -luego de dos retiros consecutivos y dos designaciones fallidas- cuenta con s\u00f3lo tres.<\/p>\n<p>&#8220;La semana que viene, discutiremos en comisi\u00f3n la ampliaci\u00f3n de los miembros de la Corte. Es otra tarea fundamental para esta democracia: cambiar a esta Corte Suprema que es una verg\u00fcenza y es el garante de la impunidad de los corruptos&#8221;, asegur\u00f3 el senador peronista Mariano Recalde entrevistado en el programa &#8220;Qu\u00e9 nos pas\u00f3&#8221;, de AM Con Vos. Asimismo, apunt\u00f3 a la intenci\u00f3n de equilibrar la paridad de g\u00e9nero entre los jueces y afirm\u00f3 que contin\u00faa vigente la posibilidad de un juicio pol\u00edtico.<\/p>\n<p>Recalde tambi\u00e9n apunt\u00f3 a los proyectos que podr\u00edan obtener media sanci\u00f3n en la C\u00e1mara de Diputados: ley de financiamiento universitario y emergencia para salud pedi\u00e1trica. &#8220;Una vez que se aprueben, vamos a tratarlos con la mayor celeridad posible&#8221;, manifest\u00f3 y ratific\u00f3 que &#8220;vamos a ponerle todo nuestro empe\u00f1o para que el Senado funcione y se aprueben esos proyectos&#8221;.<\/p>\n<p>&nbsp;<\/p>\n<p><strong>Senado debate reforma de la Corte Suprema<\/strong><\/p>\n<p>Entre los proyectos de reforma del m\u00e1ximo tribunal, se incluyen tres l\u00edneas tem\u00e1ticas: ampliaci\u00f3n de miembros de la Corte (Romero pidi\u00f3 pasarla de 5 jueces a 7, Silva propuso aumentarla a 9, Sapag plante\u00f3 llevarlo a 15); paridad de g\u00e9nero (Crexell, Gim\u00e9nez, Silva, Fama, Vigo y Sapag); y distribuci\u00f3n de los magistrados en cinco regiones federales, que no puedan tener m\u00e1s de dos representantes cada una (Silva).<\/p>\n<p>Actualmente, solo tres jueces componen la Corte: Horacio Rosatti, Ricardo Lorenzetti y Carlos Rosenkrantz. Este a\u00f1o, el Senado rechaz\u00f3 los nombramientos de Ariel Lijo y Manuel Garc\u00eda-Mansilla.<\/p>\n<p>El 28 de mayo fue el \u00faltimo encuentro de la Comisi\u00f3n de Asuntos Constitucionales, en donde se discute la reforma. La titular del espacio, la cordobesa Alejandra Vigo (Unidad Federal), reconoci\u00f3 ante la prensa que realizar\u00e1n ronda informativa de especialistas y que, entre ellos, citar\u00e1n a funcionarios del Poder Ejecutivo. &#8220;Esto los involucra directamente&#8221;, defini\u00f3 y anhel\u00f3 obtener alguna sanci\u00f3n pronto: &#8220;Ojal\u00e1 sea este a\u00f1o&#8221;.<\/p>\n","protected":false},"excerpt":{"rendered":"<p>Se retomar\u00eda el debate la pr\u00f3xima semana. El m\u00e1ximo tribunal, que tiene 5 miembros, podr\u00eda pasar a tener entre 7 y 15 miembros &nbsp; &nbsp; El Senado de la Naci\u00f3n sent\u00f3 una postura en su \u00faltima sesi\u00f3n: tiene capacidad de da\u00f1o. Ese es el marco en el que busca generar consensos interbloques para reformar la Corte Suprema de Justicia, que deber\u00eda tener cinco miembros pero actualmente -luego de dos retiros consecutivos y dos designaciones fallidas- cuenta con s\u00f3lo tres. &#8220;La semana que viene, discutiremos en comisi\u00f3n la ampliaci\u00f3n de los&#8230;<\/p>\n","protected":false},"author":3,"featured_media":129717,"comment_status":"closed","ping_status":"closed","sticky":false,"template":"","format":"standard","meta":[],"categories":[18],"tags":[],"_links":{"self":[{"href":"https:\/\/www.actualidadadiario.com\/index.php\/wp-json\/wp\/v2\/posts\/131356"}],"collection":[{"href":"https:\/\/www.actualidadadiario.com\/index.php\/wp-json\/wp\/v2\/posts"}],"about":[{"href":"https:\/\/www.actualidadadiario.com\/index.php\/wp-json\/wp\/v2\/types\/post"}],"author":[{"embeddable":true,"href":"https:\/\/www.actualidadadiario.com\/index.php\/wp-json\/wp\/v2\/users\/3"}],"replies":[{"embeddable":true,"href":"https:\/\/www.actualidadadiario.com\/index.php\/wp-json\/wp\/v2\/comments?post=131356"}],"version-history":[{"count":1,"href":"https:\/\/www.actualidadadiario.com\/index.php\/wp-json\/wp\/v2\/posts\/131356\/revisions"}],"predecessor-version":[{"id":131357,"href":"https:\/\/www.actualidadadiario.com\/index.php\/wp-json\/wp\/v2\/posts\/131356\/revisions\/131357"}],"wp:featuredmedia":[{"embeddable":true,"href":"https:\/\/www.actualidadadiario.com\/index.php\/wp-json\/wp\/v2\/media\/129717"}],"wp:attachment":[{"href":"https:\/\/www.actualidadadiario.com\/index.php\/wp-json\/wp\/v2\/media?parent=131356"}],"wp:term":[{"taxonomy":"category","embeddable":true,"href":"https:\/\/www.actualidadadiario.com\/index.php\/wp-json\/wp\/v2\/categories?post=131356"},{"taxonomy":"post_tag","embeddable":true,"href":"https:\/\/www.actualidadadiario.com\/index.php\/wp-json\/wp\/v2\/tags?post=131356"}],"curies":[{"name":"wp","href":"https:\/\/api.w.org\/{rel}","templated":true}]}}