{"id":131353,"date":"2025-07-31T10:44:18","date_gmt":"2025-07-31T13:44:18","guid":{"rendered":"https:\/\/www.actualidadadiario.com\/?p=131353"},"modified":"2025-07-31T10:44:18","modified_gmt":"2025-07-31T13:44:18","slug":"un-grito-federal-gobernadores-del-centro-y-sur-del-pais-desafian-al-gobierno-de-cara-a-las-legislativas","status":"publish","type":"post","link":"https:\/\/www.actualidadadiario.com\/index.php\/2025\/07\/31\/un-grito-federal-gobernadores-del-centro-y-sur-del-pais-desafian-al-gobierno-de-cara-a-las-legislativas\/","title":{"rendered":"\u201cUn grito federal\u201d: gobernadores del centro y sur del pa\u00eds desaf\u00edan al Gobierno de cara a las legislativas"},"content":{"rendered":"<p style=\"text-align: center;\"><em><strong>Los gobernadores de Chubut, Santa Fe, C\u00f3rdoba, Jujuy y Santa Cruz anunciaron que competir\u00e1n juntos en octubre para exigir en el Congreso \u201cuna mirada federal&#8221;. Fueron aliados del gobierno en numerosas votaciones legislativas<\/strong><\/em><\/p>\n<p>&nbsp;<\/p>\n<p>&nbsp;<\/p>\n<p>Los mandatarios de Chubut, Santa Fe, C\u00f3rdoba, Jujuy y Santa Cruz anunciaron este mi\u00e9rcoles que competir\u00e1n \u201cmancomunadamente\u201d en las elecciones legislativas de octubre para representar a \u201cla Argentina del trabajo\u201d y sumar una \u201cmirada\u201d federal en el parlamento.<\/p>\n<p>\u201cHay un grito federal que necesita voces en el Congreso\u201d, expresaron los gobernadores Ignacio Torres (Chubut), Maximiliano Pullaro (Santa Fe), Mart\u00edn Llaryora (C\u00f3rdoba), Carlos Sadir (Jujuy) y Claudio Vidal (Santa Cruz) en un documento titulado Un grito federal.<\/p>\n<p>En el texto, sostuvieron que tienen \u201cla enorme responsabilidad de defender los intereses de nuestras provincias y, al mismo tiempo, contribuir a la gobernabilidad de la Argentina\u201d.<\/p>\n<p>Reivindicaron adem\u00e1s el \u201cesfuerzo de todos los argentinos\u201d por alcanzar el equilibrio fiscal tanto en Naci\u00f3n como en las provincias y lo calificaron como \u201cimprescindible\u201d.<\/p>\n<p>\u201cComo lo es para nosotros, que representamos al interior productivo, que esos avances incluyan las obras de infraestructura imprescindibles para desarrollar nuestras provincias, \u00fanico camino para desarrollar el pa\u00eds\u201d, a\u00f1adieron.<\/p>\n<p>Tambi\u00e9n aseguraron que \u201ces nuestro deber cuidar a nuestra gente y ser capaces de crecer en armon\u00eda y con igualdad de oportunidades para cada uno de los 47 millones de argentinos\u201d.<\/p>\n<p>En ese marco, los mandatarios anunciaron que competir\u00e1n en las elecciones legislativas con \u201cuna mirada puesta en el futuro, con la decisi\u00f3n de hacernos cargo del presente y de dejar atr\u00e1s, definitivamente, el pasado que nos dividi\u00f3 y fren\u00f3 nuestro desarrollo\u201d.<\/p>\n<p>\u201cNuestra vocaci\u00f3n es clara: construir, todos los d\u00edas, la Argentina de los sue\u00f1os de todos\u201d, concluyeron los mandatarios provinciales.<\/p>\n","protected":false},"excerpt":{"rendered":"<p>Los gobernadores de Chubut, Santa Fe, C\u00f3rdoba, Jujuy y Santa Cruz anunciaron que competir\u00e1n juntos en octubre para exigir en el Congreso \u201cuna mirada federal&#8221;. Fueron aliados del gobierno en numerosas votaciones legislativas &nbsp; &nbsp; Los mandatarios de Chubut, Santa Fe, C\u00f3rdoba, Jujuy y Santa Cruz anunciaron este mi\u00e9rcoles que competir\u00e1n \u201cmancomunadamente\u201d en las elecciones legislativas de octubre para representar a \u201cla Argentina del trabajo\u201d y sumar una \u201cmirada\u201d federal en el parlamento. \u201cHay un grito federal que necesita voces en el Congreso\u201d, expresaron los gobernadores Ignacio Torres (Chubut), Maximiliano&#8230;<\/p>\n","protected":false},"author":3,"featured_media":131354,"comment_status":"closed","ping_status":"closed","sticky":false,"template":"","format":"standard","meta":[],"categories":[18],"tags":[],"_links":{"self":[{"href":"https:\/\/www.actualidadadiario.com\/index.php\/wp-json\/wp\/v2\/posts\/131353"}],"collection":[{"href":"https:\/\/www.actualidadadiario.com\/index.php\/wp-json\/wp\/v2\/posts"}],"about":[{"href":"https:\/\/www.actualidadadiario.com\/index.php\/wp-json\/wp\/v2\/types\/post"}],"author":[{"embeddable":true,"href":"https:\/\/www.actualidadadiario.com\/index.php\/wp-json\/wp\/v2\/users\/3"}],"replies":[{"embeddable":true,"href":"https:\/\/www.actualidadadiario.com\/index.php\/wp-json\/wp\/v2\/comments?post=131353"}],"version-history":[{"count":1,"href":"https:\/\/www.actualidadadiario.com\/index.php\/wp-json\/wp\/v2\/posts\/131353\/revisions"}],"predecessor-version":[{"id":131355,"href":"https:\/\/www.actualidadadiario.com\/index.php\/wp-json\/wp\/v2\/posts\/131353\/revisions\/131355"}],"wp:featuredmedia":[{"embeddable":true,"href":"https:\/\/www.actualidadadiario.com\/index.php\/wp-json\/wp\/v2\/media\/131354"}],"wp:attachment":[{"href":"https:\/\/www.actualidadadiario.com\/index.php\/wp-json\/wp\/v2\/media?parent=131353"}],"wp:term":[{"taxonomy":"category","embeddable":true,"href":"https:\/\/www.actualidadadiario.com\/index.php\/wp-json\/wp\/v2\/categories?post=131353"},{"taxonomy":"post_tag","embeddable":true,"href":"https:\/\/www.actualidadadiario.com\/index.php\/wp-json\/wp\/v2\/tags?post=131353"}],"curies":[{"name":"wp","href":"https:\/\/api.w.org\/{rel}","templated":true}]}}