{"id":131347,"date":"2025-07-31T10:40:42","date_gmt":"2025-07-31T13:40:42","guid":{"rendered":"https:\/\/www.actualidadadiario.com\/?p=131347"},"modified":"2025-07-31T10:40:42","modified_gmt":"2025-07-31T13:40:42","slug":"la-aprobacion-de-la-gestion-de-milei-cae-en-picada-y-sube-la-desconfianza","status":"publish","type":"post","link":"https:\/\/www.actualidadadiario.com\/index.php\/2025\/07\/31\/la-aprobacion-de-la-gestion-de-milei-cae-en-picada-y-sube-la-desconfianza\/","title":{"rendered":"La aprobaci\u00f3n de la gesti\u00f3n de Milei cae en picada y sube la desconfianza"},"content":{"rendered":"<p style=\"text-align: center;\"><em><strong>La Universidad de San Andr\u00e9s difundi\u00f3 una nueva edici\u00f3n de su encuesta de satisfacci\u00f3n pol\u00edtica y opini\u00f3n p\u00fablica, que refleja cambios en la valoraci\u00f3n ciudadana sobre el gobierno y el escenario electoral argentino. La desaprobaci\u00f3n del presidente Javier Milei alcanz\u00f3 el 55% y la incertidumbre ante la situaci\u00f3n futura crece entre la poblaci\u00f3n<\/strong><\/em><\/p>\n<p>&nbsp;<\/p>\n<p>&nbsp;<\/p>\n<p>El estudio indica que la aprobaci\u00f3n del presidente Javier Milei cay\u00f3 a un 42%, siete puntos porcentuales menos que en mayo. La desaprobaci\u00f3n, en tanto, lleg\u00f3 al 55%. La imagen del mandatario sigue siendo la mejor valorada entre los pol\u00edticos, con un 39% de percepci\u00f3n positiva frente a un 53% negativa.<\/p>\n<p>El estudio tambi\u00e9n marca que a un a\u00f1o y medio de gobierno la aprobaci\u00f3n de la gesti\u00f3n de Milei cae por debajo del gobierno de Macri en el mismo per\u00edodo.<\/p>\n<p>En cuanto a la satisfacci\u00f3n con la situaci\u00f3n pol\u00edtica general, un 37% de los consultados manifest\u00f3 conformidad con el rumbo del pa\u00eds, mientras que un 36% se mostr\u00f3 satisfecho con la gesti\u00f3n del Poder Ejecutivo. Estos indicadores evidencian una ca\u00edda respecto a mediciones previas.<\/p>\n<p>&nbsp;<\/p>\n<p><strong>Satisfacci\u00f3n pol\u00edtica y valoraci\u00f3n institucional<\/strong><\/p>\n<p>El informe destaca un aumento en la valoraci\u00f3n del Poder Judicial, que pas\u00f3 del 15% al 28%. Este cambio podr\u00eda estar relacionado con percepciones vinculadas a Cristina Fern\u00e1ndez de Kirchner, seg\u00fan el an\u00e1lisis presentado.<\/p>\n<p>Por otro lado, la encuesta consolida un quiebre en la percepci\u00f3n de la situaci\u00f3n nacional: el 46% de los entrevistados considera que la realidad empeor\u00f3 en retrospectiva, mientras que un 39% anticipa un empeoramiento en el futuro.<\/p>\n<p>El sentimiento predominante es la incertidumbre, expresada por un 38%. El optimismo alcanza un 30% y el pesimismo un 25%. Estas cifras dan cuenta de una ciudadan\u00eda con expectativas divididas y prevalencia de incertidumbre ante el contexto pol\u00edtico y econ\u00f3mico.<\/p>\n<p>&nbsp;<\/p>\n<p><strong>Intenci\u00f3n de voto y escenario electoral<\/strong><\/p>\n<p>En materia electoral, la intenci\u00f3n de voto para las pr\u00f3ximas elecciones legislativas se mantiene equilibrada. Un 29% de los encuestados manifest\u00f3 preferencia por la oposici\u00f3n y un 28% por el oficialismo.<\/p>\n<p>Un 19% no defini\u00f3 su voto y un 8% declin\u00f3 responder. Al analizar el voto gen\u00e9rico, el 26% expres\u00f3 intenci\u00f3n de votar por La Libertad Avanza (LLA), seguido por el 25% que apoyar\u00eda al peronismo. El resto de las opciones alcanza menores porcentajes: 8% para el PRO, 4% para el Frente de Izquierda y de los Trabajadores (FIT) y 3% para la Uni\u00f3n C\u00edvica Radical (UCR).<\/p>\n<p>El informe tambi\u00e9n se\u00f1ala que un 14% no sabe por qui\u00e9n votar\u00e1 y un 8% prefiri\u00f3 no responder.<\/p>\n<p>&nbsp;<\/p>\n<p><strong>La imagen de Mieli y otros dirigentes<\/strong><\/p>\n<p>En el ranking, Javier Milei es quien cuenta con la mayor opini\u00f3n positiva. El Presidente encabeza el listado con una imagen positiva de 39%.<\/p>\n<p>Le siguen de cerca la vicepresidenta Victoria Villarruel (38%), con quien mantiene un duro enfrentamiento, y la ministra de Seguridad Patricia Bullrich (38%).<\/p>\n<p>En cuarto y quinto lugar comparten podio el gobernador bonaerense Axel Kicillof y el expresidente Mauricio Macri, con 29%. Luego siguen la exmandataria Cristina Fern\u00e1ndez de Kirchner y la jefa de la Coalici\u00f3n C\u00edvica (CC)-Ari Elisa Carri\u00f3 con 28%.<\/p>\n<p>Al fondo de la tabla aparecen el exsecretario de Comercio Guillermo Moreno, la diputada Lilia Lemoine y el expresidente Alberto Fern\u00e1ndez con 14%, 9% y 6% respectivamente de imagen positiva.<\/p>\n<p>La encuesta realizada por la Universidad de San Andr\u00e9s refleja que todos los dirigentes pol\u00edticos mantienen un diferencial de imagen negativa y asegura que &#8220;la imagen positiva de todos los dirigentes pol\u00edticos decay\u00f3&#8221;.<\/p>\n<p>Los que cuentan con un mayor diferencial negativo son Alberto Fern\u00e1ndez (-80), M\u00e1ximo Kirchner (-54) y Lilia Lemoine (-49). En contraposici\u00f3n, los que cuentan con un menor diferencial negativo son Victoria Villarruel (-6), Juan Schiaretti (-13) y Javier Milei (-14).<\/p>\n<p>En cuanto a ministros y funcionarios p\u00fablicos, tambi\u00e9n todos cuentan con un diferencial negativo.<\/p>\n<p>El m\u00e1s bajo lo tiene el Jefe de Gabinete de Ministros, Guillermo Francos (-9), seguido del ministro de Defensa Luis Petri (-12) y Patricia Bullrich (-13). En tanto, los funcionarios con diferencial negativo mayor son Karina Milei (-44), el ministro de Econom\u00eda Luis Caputo (-21) y la de Capital Humano Sandra Pettovello (-20).<\/p>\n<p>&nbsp;<\/p>\n<p><strong>Villarruel le pisa los talones a Milei<\/strong><\/p>\n<p>La medici\u00f3n de la Udesa relev\u00f3 que, pese a su enfrentamiento, la imagen\u00a0 positiva del presidente Javier Milei y de su vicepresidenta, Victoria Villarruel, est\u00e1n muy parejas.<\/p>\n<p>Milei, con un 39% de imagen positiva total, tiene un diferencial de 14 puntos con la negativa. Villarruel, por su parte, con un 38% de imagen positiva tiene 6 puntos de diferencia.<\/p>\n<p>&nbsp;<\/p>\n<p><strong>Desinter\u00e9s y motivos de abstenci\u00f3n<\/strong><\/p>\n<p>Entre quienes no tienen intenci\u00f3n de votar, las razones principales son el hartazgo con la pol\u00edtica, se\u00f1alado por un 35%, y la creencia de que las elecciones no generan cambios, mencionada por un 33%. Adem\u00e1s, un 23% argument\u00f3 la falta de representaci\u00f3n por parte de los partidos pol\u00edticos.<\/p>\n<p>Estos datos aportan informaci\u00f3n relevante sobre el desencanto y la desafecci\u00f3n pol\u00edtica que existe en sectores del electorado.<\/p>\n<p>\u201cSe observa una ca\u00edda general en la satisfacci\u00f3n pol\u00edtica, acompa\u00f1ada de un aumento significativo en la valoraci\u00f3n del Poder Judicial\u201d, dijo un vocero de la Universidad de San Andr\u00e9s.<\/p>\n<p>&nbsp;<\/p>\n<p><strong>El peronismo es identificado como la mayor fuerza de oposici\u00f3n<\/strong><\/p>\n<p>Sobre la relaci\u00f3n entre el PRO y La Libertad Avanza, las posiciones est\u00e1n divididas: el 21% cree que deber\u00edan mantener el v\u00ednculo actual, el 20% que el PRO deber\u00eda ser oposici\u00f3n, solo un 18% apuesta por formar una coalici\u00f3n.<\/p>\n<p>En la percepci\u00f3n p\u00fablica, el peronismo es identificado como la principal fuerza de oposici\u00f3n (70%), y Cristina Kirchner se mantiene como la principal l\u00edder dentro del espacio (38%), aunque un 22% sostiene que la oposici\u00f3n no tiene hoy un liderazgo claro.<\/p>\n<p>Entre los que desaprueban al Gobierno, 42% considera a CFK l\u00edder de la oposici\u00f3n, 18% dice que no hay un l\u00edder y 15% que es Axel Kicillof.<\/p>\n<p>Profundizando en el v\u00ednculo entre oficialismo y oposici\u00f3n, el 55% de los encuestados cree que el presidente debe negociar su agenda con el Congreso, frente a un 14% que considera que debe imponerla. A su vez, el 49% cree que el Congreso deber\u00eda cooperar y negociar algunas reformas, mientras que un 27% opina que no debe acompa\u00f1ar las propuestas del Ejecutivo.<\/p>\n<p>En este contexto, el 85% est\u00e1 de acuerdo con la actualizaci\u00f3n de las jubilaciones, el 78% apoya la negociaci\u00f3n con los gobernadores por la coparticipaci\u00f3n y el 70% acuerda con la continuidad de la obra p\u00fablica.<\/p>\n<p>&nbsp;<\/p>\n<p><strong>Los bajos salarios, la mayor preocupaci\u00f3n de los argentinos<\/strong><\/p>\n<p>Cuando se les consult\u00f3 a los encuestados cu\u00e1les son los principales problemas que afectan hoy al pa\u00eds, el 36&amp; respondi\u00f3 los bajos salarios, un 32% la inseguridad, un 32% el desempleo y un 29% la pobreza. La preocupaci\u00f3n por la inflaci\u00f3n cay\u00f3 al 14%.<\/p>\n","protected":false},"excerpt":{"rendered":"<p>La Universidad de San Andr\u00e9s difundi\u00f3 una nueva edici\u00f3n de su encuesta de satisfacci\u00f3n pol\u00edtica y opini\u00f3n p\u00fablica, que refleja cambios en la valoraci\u00f3n ciudadana sobre el gobierno y el escenario electoral argentino. La desaprobaci\u00f3n del presidente Javier Milei alcanz\u00f3 el 55% y la incertidumbre ante la situaci\u00f3n futura crece entre la poblaci\u00f3n &nbsp; &nbsp; El estudio indica que la aprobaci\u00f3n del presidente Javier Milei cay\u00f3 a un 42%, siete puntos porcentuales menos que en mayo. La desaprobaci\u00f3n, en tanto, lleg\u00f3 al 55%. La imagen del mandatario sigue siendo la&#8230;<\/p>\n","protected":false},"author":3,"featured_media":126021,"comment_status":"closed","ping_status":"closed","sticky":false,"template":"","format":"standard","meta":[],"categories":[9],"tags":[],"_links":{"self":[{"href":"https:\/\/www.actualidadadiario.com\/index.php\/wp-json\/wp\/v2\/posts\/131347"}],"collection":[{"href":"https:\/\/www.actualidadadiario.com\/index.php\/wp-json\/wp\/v2\/posts"}],"about":[{"href":"https:\/\/www.actualidadadiario.com\/index.php\/wp-json\/wp\/v2\/types\/post"}],"author":[{"embeddable":true,"href":"https:\/\/www.actualidadadiario.com\/index.php\/wp-json\/wp\/v2\/users\/3"}],"replies":[{"embeddable":true,"href":"https:\/\/www.actualidadadiario.com\/index.php\/wp-json\/wp\/v2\/comments?post=131347"}],"version-history":[{"count":1,"href":"https:\/\/www.actualidadadiario.com\/index.php\/wp-json\/wp\/v2\/posts\/131347\/revisions"}],"predecessor-version":[{"id":131348,"href":"https:\/\/www.actualidadadiario.com\/index.php\/wp-json\/wp\/v2\/posts\/131347\/revisions\/131348"}],"wp:featuredmedia":[{"embeddable":true,"href":"https:\/\/www.actualidadadiario.com\/index.php\/wp-json\/wp\/v2\/media\/126021"}],"wp:attachment":[{"href":"https:\/\/www.actualidadadiario.com\/index.php\/wp-json\/wp\/v2\/media?parent=131347"}],"wp:term":[{"taxonomy":"category","embeddable":true,"href":"https:\/\/www.actualidadadiario.com\/index.php\/wp-json\/wp\/v2\/categories?post=131347"},{"taxonomy":"post_tag","embeddable":true,"href":"https:\/\/www.actualidadadiario.com\/index.php\/wp-json\/wp\/v2\/tags?post=131347"}],"curies":[{"name":"wp","href":"https:\/\/api.w.org\/{rel}","templated":true}]}}