{"id":131345,"date":"2025-07-31T10:31:01","date_gmt":"2025-07-31T13:31:01","guid":{"rendered":"https:\/\/www.actualidadadiario.com\/?p=131345"},"modified":"2025-07-31T10:31:01","modified_gmt":"2025-07-31T13:31:01","slug":"solicitaron-a-frigerio-que-la-mitad-de-los-excedentes-de-salto-grande-sean-para-federacion-ciudad-y-concordia","status":"publish","type":"post","link":"https:\/\/www.actualidadadiario.com\/index.php\/2025\/07\/31\/solicitaron-a-frigerio-que-la-mitad-de-los-excedentes-de-salto-grande-sean-para-federacion-ciudad-y-concordia\/","title":{"rendered":"Solicitaron a Frigerio que la mitad de los Excedentes de Salto Grande sean para Federaci\u00f3n Ciudad y Concordia"},"content":{"rendered":"<p style=\"text-align: center;\"><em><strong>El Intendente de la ciudad de Federaci\u00f3n, Ricardo Bravo, y la totalidad de los Concejales, a trav\u00e9s de una bota formal, solicitaron al gobernador que se destine el 50% de los fondos excedentes de la Cafesg a las localidades de Federaci\u00f3n Ciudad y Concordia. La solicitud cuenta con el respaldo del vocal de Cafesg, Miguel Cattani, as\u00ed como de diversas instituciones y gremios de la ciudad de Federaci\u00f3n<\/strong><\/em><\/p>\n<p>&nbsp;<\/p>\n<p>&nbsp;<\/p>\n<p>En la misiva, le piden al mandatario que \u201cel futuro decreto reglamentario sobre la distribuci\u00f3n de los fondos provenientes de la represa de Salto Grande contemple una asignaci\u00f3n del cincuenta (50%) de los mismos para las ciudades de Federaci\u00f3n y Concordia, en parte iguales, destinados el porcentaje restante al resto de las localidades y departamentos ya comprendidos\u201d.<\/p>\n<p>\u201cEn el caso de Federaci\u00f3n, esta solicitud se fundamenta en una deuda hist\u00f3rica que a\u00fan permanece abierta. La construcci\u00f3n de la represa de Salto Grande signific\u00f3 la desaparici\u00f3n f\u00edsica de toda una ciudad. Aproximadamente el 70% del casco urbano original fue inundado, obligando al traslado forzoso de m\u00e1s de diez mil habitantes a una ubicaci\u00f3n a cinco kil\u00f3metros del antiguo emplazamiento\u201d, se\u00f1alaron.<\/p>\n<p>Y luego remarcaron que \u201ceste proceso, que alter\u00f3 radicalmente la vida de una comunidad entera, implic\u00f3 no solo el abandono de viviendas, espacios p\u00fablicos, comercios y edificios institucionales, sino tambi\u00e9n un profundo impacto en la estructura social, econ\u00f3mica y cultural de la ciudad\u201d.<\/p>\n<p>\u201cDesde entonces, Federaci\u00f3n ha venido sosteniendo un reclamo por el resarcimiento hist\u00f3rico que le corresponde. Este resarcimiento no se limita al da\u00f1o f\u00edsico del territorio, sino que incluye el reconocimiento de los perjuicios sufridos por su poblaci\u00f3n, la p\u00e9rdida de identidad urbana y los desaf\u00edos del desarrollo en una ciudad reconstruida desde cero\u201d.<\/p>\n<p>\u201cA esto se suma la deuda por regal\u00edas y excedentes de energ\u00eda generada por Salto Grande que, durante a\u00f1os, no han sido transferidos en la proporci\u00f3n ni con la regularidad que nuestra comunidad merece\u201d.<\/p>\n<p>\u201cEste reclamo no es reciente ni aislado. Representa una demanda sostenida por generaciones y compartida por toda la comunidad de Federaci\u00f3n, que ha visto como los beneficios de una obra de escala nacional han sido distribuidos con desigualdad, mientras los costos fueron asumidos en forma desproporcionada por esta ciudad\u201d.<\/p>\n<p>\u201cEl pedido de una compensaci\u00f3n econ\u00f3mica adecuada, de una distribuci\u00f3n justa de los excedentes y de un compromiso real con el desarrollo de la regi\u00f3n es, por tanto, un acto de justicia hist\u00f3rica\u201d, enfatizaron.<\/p>\n<p>\u201cValoramos profundamente las declaraciones recientes del Secretario General de la Gobernaci\u00f3n, Mauricio Colello, respecto al decreto en preparaci\u00f3n para garantizar que los fondos de Salto Grande prioricen a los Departamentos de Federaci\u00f3n y Concordia. Celebramos que se avance en una norma que ponga fin a la discrecionalidad de los gobiernos de turno y establezca reglas claras, permanentes y equitativas\u201d.<\/p>\n<p>\u201cConfiamos en que esta propuesta -respaldada por representantes pol\u00edticos, sociales e institucionales- ser\u00e1 tenida en cuenta a la hora de redactar la reglamentaci\u00f3n definitiva. Pedimos que Federaci\u00f3n, como ciudad m\u00e1s afectada por la represa de Salto Grande, sea contemplada con el reconocimiento que merece. Este es un paso indispensable para saldar una deuda pendiente, reparar una herida hist\u00f3rica y construir un futuro con m\u00e1s desarrollo, equidad y dignidad para nuestra comunidad\u201d.<\/p>\n","protected":false},"excerpt":{"rendered":"<p>El Intendente de la ciudad de Federaci\u00f3n, Ricardo Bravo, y la totalidad de los Concejales, a trav\u00e9s de una bota formal, solicitaron al gobernador que se destine el 50% de los fondos excedentes de la Cafesg a las localidades de Federaci\u00f3n Ciudad y Concordia. La solicitud cuenta con el respaldo del vocal de Cafesg, Miguel Cattani, as\u00ed como de diversas instituciones y gremios de la ciudad de Federaci\u00f3n &nbsp; &nbsp; En la misiva, le piden al mandatario que \u201cel futuro decreto reglamentario sobre la distribuci\u00f3n de los fondos provenientes de&#8230;<\/p>\n","protected":false},"author":3,"featured_media":99611,"comment_status":"closed","ping_status":"closed","sticky":false,"template":"","format":"standard","meta":[],"categories":[15],"tags":[],"_links":{"self":[{"href":"https:\/\/www.actualidadadiario.com\/index.php\/wp-json\/wp\/v2\/posts\/131345"}],"collection":[{"href":"https:\/\/www.actualidadadiario.com\/index.php\/wp-json\/wp\/v2\/posts"}],"about":[{"href":"https:\/\/www.actualidadadiario.com\/index.php\/wp-json\/wp\/v2\/types\/post"}],"author":[{"embeddable":true,"href":"https:\/\/www.actualidadadiario.com\/index.php\/wp-json\/wp\/v2\/users\/3"}],"replies":[{"embeddable":true,"href":"https:\/\/www.actualidadadiario.com\/index.php\/wp-json\/wp\/v2\/comments?post=131345"}],"version-history":[{"count":1,"href":"https:\/\/www.actualidadadiario.com\/index.php\/wp-json\/wp\/v2\/posts\/131345\/revisions"}],"predecessor-version":[{"id":131346,"href":"https:\/\/www.actualidadadiario.com\/index.php\/wp-json\/wp\/v2\/posts\/131345\/revisions\/131346"}],"wp:featuredmedia":[{"embeddable":true,"href":"https:\/\/www.actualidadadiario.com\/index.php\/wp-json\/wp\/v2\/media\/99611"}],"wp:attachment":[{"href":"https:\/\/www.actualidadadiario.com\/index.php\/wp-json\/wp\/v2\/media?parent=131345"}],"wp:term":[{"taxonomy":"category","embeddable":true,"href":"https:\/\/www.actualidadadiario.com\/index.php\/wp-json\/wp\/v2\/categories?post=131345"},{"taxonomy":"post_tag","embeddable":true,"href":"https:\/\/www.actualidadadiario.com\/index.php\/wp-json\/wp\/v2\/tags?post=131345"}],"curies":[{"name":"wp","href":"https:\/\/api.w.org\/{rel}","templated":true}]}}