{"id":131343,"date":"2025-07-31T10:12:18","date_gmt":"2025-07-31T13:12:18","guid":{"rendered":"https:\/\/www.actualidadadiario.com\/?p=131343"},"modified":"2025-07-31T10:12:18","modified_gmt":"2025-07-31T13:12:18","slug":"bono-de-jubilados-confirmado-cuanto-cobran-de-minima-en-agosto","status":"publish","type":"post","link":"https:\/\/www.actualidadadiario.com\/index.php\/2025\/07\/31\/bono-de-jubilados-confirmado-cuanto-cobran-de-minima-en-agosto\/","title":{"rendered":"Bono de jubilados confirmado: cu\u00e1nto cobran de m\u00ednima en agosto"},"content":{"rendered":"<p style=\"text-align: center;\"><em><strong>El Gobierno confirm\u00f3 un extra para todos los jubilados de Anses. A cu\u00e1nto asciende el m\u00ednimo. Cu\u00e1l es el calendario de pagos de agosto<\/strong><\/em><\/p>\n<p>&nbsp;<\/p>\n<p>&nbsp;<\/p>\n<p>El Gobierno confirm\u00f3 este jueves el bono para jubilados y pensionados de Anses que perciban el haber m\u00ednimo, a trav\u00e9s del Decreto 523\/2025, publicado este jueves en el Bolet\u00edn Oficial. La medida impactar\u00e1 en los haberes de agosto de 2025 y busca mitigar los efectos de la inflaci\u00f3n sobre los ingresos m\u00e1s bajos del sistema previsional.<\/p>\n<p>Seg\u00fan el decreto, el nuevo extra busca ser una \u201ccompensaci\u00f3n\u201d frente al deterioro de los haberes causado por la anterior f\u00f3rmula de movilidad. El Gobierno insiste en que estas medidas son necesarias para sostener los ingresos de los adultos mayores con menores recursos, hasta tanto se reformule el esquema previsional.<\/p>\n<p>&nbsp;<\/p>\n<p><strong>\u00bfA qui\u00e9nes les corresponde el bono previsional?<\/strong><\/p>\n<p>El bono de $70.000 en agosto ser\u00e1 otorgado a:<\/p>\n<ul>\n<li>Titulares de prestaciones contributivas previsionales a cargo de Anses.<\/li>\n<li>Beneficiarios de la Pensi\u00f3n Universal para el Adulto Mayor.<\/li>\n<li>Personas con pensiones no contributivas por vejez, invalidez, madres de 7 hijos o m\u00e1s, pensiones graciables y otras prestaciones similares.<\/li>\n<\/ul>\n<p>El beneficio no ser\u00e1 remunerativo, no estar\u00e1 sujeto a descuentos ni ser\u00e1 computable para otros conceptos. En los casos de pensiones con copart\u00edcipes, se tomar\u00e1 al grupo como un solo titular para la percepci\u00f3n del bono.<\/p>\n<p>&nbsp;<\/p>\n<p><strong>Con bono, de cu\u00e1nto es la jubilaci\u00f3n m\u00ednima en agosto 2025<\/strong><\/p>\n<p>Con este refuerzo, las jubilaciones m\u00ednimas en agosto alcanzan los $384.305, ya que el haber base fue fijado en $314.305,37, tras un aumento del 1,6% en l\u00ednea con el \u00edndice de inflaci\u00f3n de junio. De esta manera, quienes perciban el haber m\u00ednimo recibir\u00e1n el bono completo de $70.000.<\/p>\n<p>En el caso de jubilados o pensionados que cobren m\u00e1s de $314.305, pero menos de $384.305, recibir\u00e1n un bono proporcional, equivalente a la suma necesaria para alcanzar ese monto. Por ejemplo, si una persona cobra $350.000, el bono ser\u00e1 de $34.305.<\/p>\n","protected":false},"excerpt":{"rendered":"<p>El Gobierno confirm\u00f3 un extra para todos los jubilados de Anses. A cu\u00e1nto asciende el m\u00ednimo. Cu\u00e1l es el calendario de pagos de agosto &nbsp; &nbsp; El Gobierno confirm\u00f3 este jueves el bono para jubilados y pensionados de Anses que perciban el haber m\u00ednimo, a trav\u00e9s del Decreto 523\/2025, publicado este jueves en el Bolet\u00edn Oficial. La medida impactar\u00e1 en los haberes de agosto de 2025 y busca mitigar los efectos de la inflaci\u00f3n sobre los ingresos m\u00e1s bajos del sistema previsional. Seg\u00fan el decreto, el nuevo extra busca ser&#8230;<\/p>\n","protected":false},"author":3,"featured_media":129390,"comment_status":"closed","ping_status":"closed","sticky":false,"template":"","format":"standard","meta":[],"categories":[2],"tags":[],"_links":{"self":[{"href":"https:\/\/www.actualidadadiario.com\/index.php\/wp-json\/wp\/v2\/posts\/131343"}],"collection":[{"href":"https:\/\/www.actualidadadiario.com\/index.php\/wp-json\/wp\/v2\/posts"}],"about":[{"href":"https:\/\/www.actualidadadiario.com\/index.php\/wp-json\/wp\/v2\/types\/post"}],"author":[{"embeddable":true,"href":"https:\/\/www.actualidadadiario.com\/index.php\/wp-json\/wp\/v2\/users\/3"}],"replies":[{"embeddable":true,"href":"https:\/\/www.actualidadadiario.com\/index.php\/wp-json\/wp\/v2\/comments?post=131343"}],"version-history":[{"count":1,"href":"https:\/\/www.actualidadadiario.com\/index.php\/wp-json\/wp\/v2\/posts\/131343\/revisions"}],"predecessor-version":[{"id":131344,"href":"https:\/\/www.actualidadadiario.com\/index.php\/wp-json\/wp\/v2\/posts\/131343\/revisions\/131344"}],"wp:featuredmedia":[{"embeddable":true,"href":"https:\/\/www.actualidadadiario.com\/index.php\/wp-json\/wp\/v2\/media\/129390"}],"wp:attachment":[{"href":"https:\/\/www.actualidadadiario.com\/index.php\/wp-json\/wp\/v2\/media?parent=131343"}],"wp:term":[{"taxonomy":"category","embeddable":true,"href":"https:\/\/www.actualidadadiario.com\/index.php\/wp-json\/wp\/v2\/categories?post=131343"},{"taxonomy":"post_tag","embeddable":true,"href":"https:\/\/www.actualidadadiario.com\/index.php\/wp-json\/wp\/v2\/tags?post=131343"}],"curies":[{"name":"wp","href":"https:\/\/api.w.org\/{rel}","templated":true}]}}