{"id":131337,"date":"2025-07-31T10:10:17","date_gmt":"2025-07-31T13:10:17","guid":{"rendered":"https:\/\/www.actualidadadiario.com\/?p=131337"},"modified":"2025-07-31T10:10:17","modified_gmt":"2025-07-31T13:10:17","slug":"docentes-universitarios-definieron-una-semana-de-paro-en-reclamo-de-salarios-y-condiciones-laborales-3","status":"publish","type":"post","link":"https:\/\/www.actualidadadiario.com\/index.php\/2025\/07\/31\/docentes-universitarios-definieron-una-semana-de-paro-en-reclamo-de-salarios-y-condiciones-laborales-3\/","title":{"rendered":"Docentes universitarios definieron una semana de paro en reclamo de salarios y condiciones laborales"},"content":{"rendered":"<p style=\"text-align: center;\"><em><strong>Lo resolvi\u00f3 Conadu en Plenario. Ser\u00e1 a partir del \u00a011 de agosto. Las medidas continuar\u00e1n luego con paros rotativos de 48 horas. Denuncian la cr\u00edtica situaci\u00f3n salarial y las paup\u00e9rrimas condiciones de trabajo<\/strong><\/em><\/p>\n<p>&nbsp;<\/p>\n<p>&nbsp;<\/p>\n<p>Con la participaci\u00f3n de 25 gremios de todo el pa\u00eds, el Plenario de Secretarias y Secretarios Generales de la Federaci\u00f3n Nacional de Docentes Universitarios (Conadu) resolvi\u00f3 comenzar el plan de lucha del segundo semestre con la realizaci\u00f3n de una semana completa de paro desde el pr\u00f3ximo 11 de agosto.<\/p>\n<p>La medida ser\u00e1 propuesta al espacio del Frente Sindical de las Universidades Nacionales con el objetivo de llevarla adelante de manera conjunta.<\/p>\n<p>El Plenario consensu\u00f3 tambi\u00e9n que las medidas de fuerza contin\u00faen en las semanas posteriores a trav\u00e9s de paros rotativos de 48 horas y con el objetivo de construir una tercera gran Marcha Federal Universitaria hacia fines del mes de agosto, en reclamo por la constituci\u00f3n efectiva de las paritarias universitarias a fin de resolver la cr\u00edtica situaci\u00f3n salarial y las condiciones de trabajo hoy paup\u00e9rrimas, y el aumento del presupuesto universitario.<\/p>\n<p>\u201cLa situaci\u00f3n salarial que estamos viviendo en las universidades es hist\u00f3rica. No hemos vivido nunca en nuestro pa\u00eds una ca\u00edda salarial de estos niveles. Pero nuestros reclamos no pueden ser sectoriales; las y los universitarios debemos aportar y confluir con las demandas de los distintos sectores que hoy sufren las consecuencias del programa de gobierno en todo el pa\u00eds. Nuestra pelea debe entenderse en el marco de la situaci\u00f3n que sufre el conjunto del pueblo argentino: pobreza, desempleo, desguace del Estado y p\u00e9rdida de soberan\u00eda como resultado de las pol\u00edticas de Javier Milei\u201d, se\u00f1al\u00f3 Carlos De Feo, Secretario General de Conadu.<\/p>\n","protected":false},"excerpt":{"rendered":"<p>Lo resolvi\u00f3 Conadu en Plenario. Ser\u00e1 a partir del \u00a011 de agosto. Las medidas continuar\u00e1n luego con paros rotativos de 48 horas. Denuncian la cr\u00edtica situaci\u00f3n salarial y las paup\u00e9rrimas condiciones de trabajo &nbsp; &nbsp; Con la participaci\u00f3n de 25 gremios de todo el pa\u00eds, el Plenario de Secretarias y Secretarios Generales de la Federaci\u00f3n Nacional de Docentes Universitarios (Conadu) resolvi\u00f3 comenzar el plan de lucha del segundo semestre con la realizaci\u00f3n de una semana completa de paro desde el pr\u00f3ximo 11 de agosto. La medida ser\u00e1 propuesta al espacio&#8230;<\/p>\n","protected":false},"author":3,"featured_media":120980,"comment_status":"closed","ping_status":"closed","sticky":false,"template":"","format":"standard","meta":[],"categories":[2],"tags":[],"_links":{"self":[{"href":"https:\/\/www.actualidadadiario.com\/index.php\/wp-json\/wp\/v2\/posts\/131337"}],"collection":[{"href":"https:\/\/www.actualidadadiario.com\/index.php\/wp-json\/wp\/v2\/posts"}],"about":[{"href":"https:\/\/www.actualidadadiario.com\/index.php\/wp-json\/wp\/v2\/types\/post"}],"author":[{"embeddable":true,"href":"https:\/\/www.actualidadadiario.com\/index.php\/wp-json\/wp\/v2\/users\/3"}],"replies":[{"embeddable":true,"href":"https:\/\/www.actualidadadiario.com\/index.php\/wp-json\/wp\/v2\/comments?post=131337"}],"version-history":[{"count":1,"href":"https:\/\/www.actualidadadiario.com\/index.php\/wp-json\/wp\/v2\/posts\/131337\/revisions"}],"predecessor-version":[{"id":131338,"href":"https:\/\/www.actualidadadiario.com\/index.php\/wp-json\/wp\/v2\/posts\/131337\/revisions\/131338"}],"wp:featuredmedia":[{"embeddable":true,"href":"https:\/\/www.actualidadadiario.com\/index.php\/wp-json\/wp\/v2\/media\/120980"}],"wp:attachment":[{"href":"https:\/\/www.actualidadadiario.com\/index.php\/wp-json\/wp\/v2\/media?parent=131337"}],"wp:term":[{"taxonomy":"category","embeddable":true,"href":"https:\/\/www.actualidadadiario.com\/index.php\/wp-json\/wp\/v2\/categories?post=131337"},{"taxonomy":"post_tag","embeddable":true,"href":"https:\/\/www.actualidadadiario.com\/index.php\/wp-json\/wp\/v2\/tags?post=131337"}],"curies":[{"name":"wp","href":"https:\/\/api.w.org\/{rel}","templated":true}]}}