{"id":131332,"date":"2025-07-31T10:07:54","date_gmt":"2025-07-31T13:07:54","guid":{"rendered":"https:\/\/www.actualidadadiario.com\/?p=131332"},"modified":"2025-07-31T10:07:54","modified_gmt":"2025-07-31T13:07:54","slug":"tras-idas-y-vueltas-confirman-la-fecha-para-celebrar-el-dia-del-nino-2025-3","status":"publish","type":"post","link":"https:\/\/www.actualidadadiario.com\/index.php\/2025\/07\/31\/tras-idas-y-vueltas-confirman-la-fecha-para-celebrar-el-dia-del-nino-2025-3\/","title":{"rendered":"Tras idas y vueltas, confirman la fecha para celebrar el D\u00eda del Ni\u00f1o 2025"},"content":{"rendered":"<p style=\"text-align: center;\"><em><strong>La C\u00e1mara del Juguete confirm\u00f3 que la fecha para celebrar el D\u00eda del Ni\u00f1o en agosto. Negaron motivos econ\u00f3micos y apuntaron al orden del calendario<\/strong><\/em><\/p>\n<p>&nbsp;<\/p>\n<p>&nbsp;<\/p>\n<p>La fecha definitiva del D\u00eda del Ni\u00f1o 2025 qued\u00f3 fijada: ser\u00e1 el domingo 17 de agosto. As\u00ed lo comunic\u00f3 la C\u00e1mara Argentina de la Industria del Juguete (CAIJ), que en las \u00faltimas semanas hab\u00eda evaluado adelantar la celebraci\u00f3n al 10, en una modificaci\u00f3n que gener\u00f3 confusi\u00f3n, especulaciones e incluso acusaciones sobre intereses comerciales detr\u00e1s del cambio.<\/p>\n<p>\u201cAnte la circulaci\u00f3n de distintas posturas respecto de la fecha de celebraci\u00f3n del D\u00eda del Ni\u00f1o 2025, que en algunos casos tergiversaron el motivo del cambio propuesto informando que era por cuestiones econ\u00f3micas, lo cual es err\u00f3neo, desde la C\u00e1mara Argentina de la Industria del Juguete informamos que se ha decidido mantener la celebraci\u00f3n para el tercer domingo de agosto, que este a\u00f1o ser\u00e1 el 17 de agosto\u201d, se\u00f1al\u00f3 la entidad en un comunicado oficial.<\/p>\n<p>Seg\u00fan explic\u00f3 la CAIJ, el adelanto inicialmente propuesto surgi\u00f3 del consenso entre sectores vinculados al juego, la educaci\u00f3n y la ni\u00f1ez, y se fundament\u00f3 en la suspensi\u00f3n de las elecciones legislativas primarias. De ese modo, se buscaba evitar la superposici\u00f3n con el feriado del 17 de agosto, en homenaje al general San Mart\u00edn.<\/p>\n<p>No obstante, la c\u00e1mara opt\u00f3 por dar marcha atr\u00e1s y ratificar la fecha original. \u201cQueremos dejar en claro que esta propuesta no respondi\u00f3 a razones econ\u00f3micas, sino a criterios organizativos y de ordenamiento del calendario. Sin embargo, para evitar confusiones o interpretaciones err\u00f3neas o pol\u00edticas, se ha optado por mantener la fecha correspondiente al tercer domingo de agosto\u201d, aclararon.<\/p>\n<p>&nbsp;<\/p>\n<p><strong>La historia de una fecha cambiante<\/strong><\/p>\n<p>En Argentina, el D\u00eda del Ni\u00f1o comenz\u00f3 a celebrarse en los a\u00f1os \u201960 y, desde entonces, la fecha atraves\u00f3 varias modificaciones. Originalmente se realizaba el primer domingo de agosto, pero en 2003 se traslad\u00f3 al segundo, con el objetivo de aprovechar la disponibilidad de ingresos de las familias a mitad de mes. En 2013, el festejo se corri\u00f3 nuevamente para evitar la coincidencia con las PASO. Este a\u00f1o, la idea de regresar al segundo domingo fue descartada por la pol\u00e9mica que gener\u00f3.<\/p>\n<p>Adem\u00e1s, la CAIJ record\u00f3 que la denominaci\u00f3n \u201c D\u00eda del Ni\u00f1o\u201d sigue vigente para la industria, pese a que en 2020 el gobierno nacional adopt\u00f3 la expresi\u00f3n \u201cD\u00eda de las Infancias\u201d. \u201cEsa modificaci\u00f3n no fue consensuada con los actores hist\u00f3ricos de la celebraci\u00f3n ni respaldada por la ONU\u201d, remarcaron. Y agregaron: \u201cEl D\u00eda del Ni\u00f1o es una celebraci\u00f3n de profundo valor cultural y emocional, que promueve el derecho al juego y al tiempo compartido en familia, tal como lo reconoce la Convenci\u00f3n sobre los Derechos del Ni\u00f1o\u201d.<\/p>\n<p>&nbsp;<\/p>\n<p><strong>Una campa\u00f1a contra las pantallas<\/strong><\/p>\n<p>En paralelo a la discusi\u00f3n por la fecha, la c\u00e1mara lanz\u00f3 la campa\u00f1a \u201cDesconect\u00e1 la pantalla. Conect\u00e1 la familia con juguetes\u201d, destinada a promover el juego tradicional frente al uso excesivo de dispositivos electr\u00f3nicos en la infancia. \u201cEl D\u00eda del Ni\u00f1o sigue siendo una de las celebraciones m\u00e1s queridas por las familias argentinas\u201d, subrayaron desde la entidad.<\/p>\n<p>El mensaje apunta tanto al entorno familiar como a comercios y escuelas, con el objetivo de fortalecer el v\u00ednculo entre adultos y ni\u00f1os mediante juguetes f\u00edsicos, imaginaci\u00f3n compartida y contacto directo.<\/p>\n<p>Adem\u00e1s, se confirm\u00f3 que el jueves 8 de agosto se realizar\u00e1 \u201cLa Noche de las Jugueter\u00edas\u201d, con descuentos, promociones y pagos en cuotas con tarjetas de cr\u00e9dito. La iniciativa busca consolidarse como evento clave para impulsar la venta de juguetes, en un contexto econ\u00f3mico que todav\u00eda condiciona el consumo.<\/p>\n","protected":false},"excerpt":{"rendered":"<p>La C\u00e1mara del Juguete confirm\u00f3 que la fecha para celebrar el D\u00eda del Ni\u00f1o en agosto. Negaron motivos econ\u00f3micos y apuntaron al orden del calendario &nbsp; &nbsp; La fecha definitiva del D\u00eda del Ni\u00f1o 2025 qued\u00f3 fijada: ser\u00e1 el domingo 17 de agosto. As\u00ed lo comunic\u00f3 la C\u00e1mara Argentina de la Industria del Juguete (CAIJ), que en las \u00faltimas semanas hab\u00eda evaluado adelantar la celebraci\u00f3n al 10, en una modificaci\u00f3n que gener\u00f3 confusi\u00f3n, especulaciones e incluso acusaciones sobre intereses comerciales detr\u00e1s del cambio. \u201cAnte la circulaci\u00f3n de distintas posturas respecto&#8230;<\/p>\n","protected":false},"author":3,"featured_media":130185,"comment_status":"closed","ping_status":"closed","sticky":false,"template":"","format":"standard","meta":[],"categories":[2],"tags":[],"_links":{"self":[{"href":"https:\/\/www.actualidadadiario.com\/index.php\/wp-json\/wp\/v2\/posts\/131332"}],"collection":[{"href":"https:\/\/www.actualidadadiario.com\/index.php\/wp-json\/wp\/v2\/posts"}],"about":[{"href":"https:\/\/www.actualidadadiario.com\/index.php\/wp-json\/wp\/v2\/types\/post"}],"author":[{"embeddable":true,"href":"https:\/\/www.actualidadadiario.com\/index.php\/wp-json\/wp\/v2\/users\/3"}],"replies":[{"embeddable":true,"href":"https:\/\/www.actualidadadiario.com\/index.php\/wp-json\/wp\/v2\/comments?post=131332"}],"version-history":[{"count":1,"href":"https:\/\/www.actualidadadiario.com\/index.php\/wp-json\/wp\/v2\/posts\/131332\/revisions"}],"predecessor-version":[{"id":131333,"href":"https:\/\/www.actualidadadiario.com\/index.php\/wp-json\/wp\/v2\/posts\/131332\/revisions\/131333"}],"wp:featuredmedia":[{"embeddable":true,"href":"https:\/\/www.actualidadadiario.com\/index.php\/wp-json\/wp\/v2\/media\/130185"}],"wp:attachment":[{"href":"https:\/\/www.actualidadadiario.com\/index.php\/wp-json\/wp\/v2\/media?parent=131332"}],"wp:term":[{"taxonomy":"category","embeddable":true,"href":"https:\/\/www.actualidadadiario.com\/index.php\/wp-json\/wp\/v2\/categories?post=131332"},{"taxonomy":"post_tag","embeddable":true,"href":"https:\/\/www.actualidadadiario.com\/index.php\/wp-json\/wp\/v2\/tags?post=131332"}],"curies":[{"name":"wp","href":"https:\/\/api.w.org\/{rel}","templated":true}]}}