{"id":131330,"date":"2025-07-31T10:07:13","date_gmt":"2025-07-31T13:07:13","guid":{"rendered":"https:\/\/www.actualidadadiario.com\/?p=131330"},"modified":"2025-07-31T10:07:13","modified_gmt":"2025-07-31T13:07:13","slug":"arranca-agosto-y-hay-expectativa-por-la-remarcacion-de-precios","status":"publish","type":"post","link":"https:\/\/www.actualidadadiario.com\/index.php\/2025\/07\/31\/arranca-agosto-y-hay-expectativa-por-la-remarcacion-de-precios\/","title":{"rendered":"Arranca agosto y hay expectativa por la remarcaci\u00f3n de precios"},"content":{"rendered":"<p style=\"text-align: center;\"><em><strong>Hasta ahora el traslado a precios de la suba del d\u00f3lar es limitado, pero ante los nuevos aumentos se espera la reacci\u00f3n de los diferentes agentes econ\u00f3micos<\/strong><\/em><\/p>\n<p>&nbsp;<\/p>\n<p>&nbsp;<\/p>\n<p>El inicio de agosto ser\u00e1 una prueba clave para esta etapa del plan econ\u00f3mico porque se jugar\u00e1 el traslado a precios del aumento del d\u00f3lar en julio que a este jueves es del orden de 9%.<\/p>\n<p>A este avance habr\u00e1 que sumarle un nuevo aumento de los combustibles y de las tarifas de servicios p\u00fablicos.<\/p>\n<p>De all\u00ed que desde ma\u00f1ana y durante el fin de semana una buena parte del futuro de la econom\u00eda est\u00e1 en manos de los formadores de precios (industrias, distribuidores y comercios) que deber\u00e1n jugar sus cartas en un contexto desafiante por el agregado de la incertidumbre pol\u00edtica ante la cercan\u00eda del proceso electoral<\/p>\n<p>A pesar de la intervenci\u00f3n oficial en todos los frentes el d\u00f3lar va a cerrar julio con una suba de entre 7% y 9%, alza que por el momento no se traslad\u00f3 a los precios, de acuerdo a los estudios privados conocidos.<\/p>\n<p>El mes inici\u00f3 con la paridad cambiaria en $1.215, pero desde mediados del per\u00edodo se acentu\u00f3 la volatilidad cambiaria coincidiendo con la decisi\u00f3n del Ministerio de Econom\u00eda y el Banco Central (BCRA) de proceder con la eliminaci\u00f3n de las LEFI.<\/p>\n<p>Esta medida result\u00f3 en la liberaci\u00f3n de $10 billones en liquidez, que inicialmente impactaron la tasa de inter\u00e9s y posteriormente generaron presi\u00f3n alcista sobre la cotizaci\u00f3n de la divisa.<\/p>\n<p>En un corto lapso, el d\u00f3lar se estableci\u00f3 en el umbral de $1.300, valor que la administraci\u00f3n gubernamental aparentemente busca sostener. Participantes del sistema financiero informan a diario vol\u00famenes de operaci\u00f3n at\u00edpicos en los mercados de futuros de la divisa y de bonos lo cual se asocia directamente a una intervenci\u00f3n oficial.<\/p>\n<p>La percepci\u00f3n general indica que la autoridad econ\u00f3mica aspira a establecer $1.300 como un techo cambiario.<\/p>\n<p>Hace pocos d\u00edas el economista Ricardo Arriazu sostuvo que el Banco Central tiene los instrumentos de pol\u00edtica econ\u00f3mica adecuados para mantener la estabilidad del tipo de cambio en dicho nivel.<\/p>\n<p>La hip\u00f3tesis del equipo econ\u00f3mico sostiene que en el umbral de $1.300, el pass-through cambiario a precios es marginal, lo que permitir\u00eda la continuidad del proceso desinflacionario.<\/p>\n<p>En su \u00faltimo informe la consultora LCG sostuvo que las expectativas de inflaci\u00f3n permanecen ancladas en un rango de 1,5% a 2%. Su reporte semanal indic\u00f3 que en la cuarta semana de julio, la variaci\u00f3n de precios de los alimentos fue del 0,2%, resultando en un promedio cuatrisemanal del 1,4%. Analytica sugiere un mejor escenario, con una disminuci\u00f3n del 0,3% en los precios de la comida.<\/p>\n<p>Eugenio Mar\u00ed, economista de Libertad y Progreso, indic\u00f3 que el monitoreo de precios que realiza no registra, hasta el momento, un traslado significativo del tipo de cambio y mantiene la proyecci\u00f3n de inflaci\u00f3n debajo de 2%. Para EcoGo, la inflaci\u00f3n de julio ser\u00e1 del orden de 1,8%.<\/p>\n<p>Cabe recordar que en julio hubo dos aumentos del precio de la nafta, 3,5 y 2,5% que redondearon un 6% e impactaron en costos.<\/p>\n<p>La reacci\u00f3n de los agentes econ\u00f3micos a partir de ma\u00f1ana ser\u00e1 clave.<\/p>\n","protected":false},"excerpt":{"rendered":"<p>Hasta ahora el traslado a precios de la suba del d\u00f3lar es limitado, pero ante los nuevos aumentos se espera la reacci\u00f3n de los diferentes agentes econ\u00f3micos &nbsp; &nbsp; El inicio de agosto ser\u00e1 una prueba clave para esta etapa del plan econ\u00f3mico porque se jugar\u00e1 el traslado a precios del aumento del d\u00f3lar en julio que a este jueves es del orden de 9%. A este avance habr\u00e1 que sumarle un nuevo aumento de los combustibles y de las tarifas de servicios p\u00fablicos. De all\u00ed que desde ma\u00f1ana y&#8230;<\/p>\n","protected":false},"author":3,"featured_media":116062,"comment_status":"closed","ping_status":"closed","sticky":false,"template":"","format":"standard","meta":[],"categories":[9],"tags":[],"_links":{"self":[{"href":"https:\/\/www.actualidadadiario.com\/index.php\/wp-json\/wp\/v2\/posts\/131330"}],"collection":[{"href":"https:\/\/www.actualidadadiario.com\/index.php\/wp-json\/wp\/v2\/posts"}],"about":[{"href":"https:\/\/www.actualidadadiario.com\/index.php\/wp-json\/wp\/v2\/types\/post"}],"author":[{"embeddable":true,"href":"https:\/\/www.actualidadadiario.com\/index.php\/wp-json\/wp\/v2\/users\/3"}],"replies":[{"embeddable":true,"href":"https:\/\/www.actualidadadiario.com\/index.php\/wp-json\/wp\/v2\/comments?post=131330"}],"version-history":[{"count":1,"href":"https:\/\/www.actualidadadiario.com\/index.php\/wp-json\/wp\/v2\/posts\/131330\/revisions"}],"predecessor-version":[{"id":131331,"href":"https:\/\/www.actualidadadiario.com\/index.php\/wp-json\/wp\/v2\/posts\/131330\/revisions\/131331"}],"wp:featuredmedia":[{"embeddable":true,"href":"https:\/\/www.actualidadadiario.com\/index.php\/wp-json\/wp\/v2\/media\/116062"}],"wp:attachment":[{"href":"https:\/\/www.actualidadadiario.com\/index.php\/wp-json\/wp\/v2\/media?parent=131330"}],"wp:term":[{"taxonomy":"category","embeddable":true,"href":"https:\/\/www.actualidadadiario.com\/index.php\/wp-json\/wp\/v2\/categories?post=131330"},{"taxonomy":"post_tag","embeddable":true,"href":"https:\/\/www.actualidadadiario.com\/index.php\/wp-json\/wp\/v2\/tags?post=131330"}],"curies":[{"name":"wp","href":"https:\/\/api.w.org\/{rel}","templated":true}]}}