{"id":131326,"date":"2025-07-31T09:31:39","date_gmt":"2025-07-31T12:31:39","guid":{"rendered":"https:\/\/www.actualidadadiario.com\/?p=131326"},"modified":"2025-07-31T09:31:39","modified_gmt":"2025-07-31T12:31:39","slug":"emitieron-alerta-por-tormentas-en-siete-departamentos-de-la-provincia","status":"publish","type":"post","link":"https:\/\/www.actualidadadiario.com\/index.php\/2025\/07\/31\/emitieron-alerta-por-tormentas-en-siete-departamentos-de-la-provincia\/","title":{"rendered":"Emitieron alerta por tormentas en siete departamentos de la provincia"},"content":{"rendered":"<p style=\"text-align: center;\"><em><strong>Llega un cambio de tiempo. El alerta por vientos se extendi\u00f3 a toda la provincia y, adem\u00e1s, se suma un alerta por tormentas en algunas zonas<\/strong><\/em><\/p>\n<p>&nbsp;<\/p>\n<p>&nbsp;<\/p>\n<p>El Servicio Meteorol\u00f3gico Nacional -SMN- informa que entre este jueves de noche y este viernes, llega un cambio de las condiciones del tiempo en Entre R\u00edos. Ello provocar\u00e1 fuertes vientos y, adem\u00e1s, posibles lluvias y tormentas fuertes en algunas zonas.<\/p>\n<p>El alerta amarillo por tormentas rige para este viernes 1 de agosto en horas de la ma\u00f1ana en siete departamentos del sur: Gualeguay, Victoria, Gualeguaych\u00fa, Tala, Uruguay, Col\u00f3n e Islas del Ibicuy.<\/p>\n<p>El \u00e1rea ser\u00e1 afectada por tormentas de variada intensidad, algunas localmente fuertes. Las mismas estar\u00e1n acompa\u00f1adas por abundante ca\u00edda de agua en cortos per\u00edodos, actividad el\u00e9ctrica, r\u00e1fagas y ocasional ca\u00edda de granizo.<\/p>\n<p>Se esperan valores de precipitaci\u00f3n acumulada entre 15 y 40 mil\u00edmetros, pudiendo ser superados de forma puntual.<\/p>\n<p>&nbsp;<\/p>\n<p><strong>Advertencia por vientos en todo Entre R\u00edos<\/strong><\/p>\n<p>Se extendi\u00f3 el alerta por vientos a toda la provincia. La advertencia rige entre este jueves de noche y este viernes de ma\u00f1ana.<\/p>\n<p>El \u00e1rea ser\u00e1 afectada por vientos del norte o noreste, con velocidades entre 25 y 40 km\/h y r\u00e1fagas que pueden alcanzar los 60 km\/h, pudiendo ser superados de forma puntual.<\/p>\n","protected":false},"excerpt":{"rendered":"<p>Llega un cambio de tiempo. El alerta por vientos se extendi\u00f3 a toda la provincia y, adem\u00e1s, se suma un alerta por tormentas en algunas zonas &nbsp; &nbsp; El Servicio Meteorol\u00f3gico Nacional -SMN- informa que entre este jueves de noche y este viernes, llega un cambio de las condiciones del tiempo en Entre R\u00edos. Ello provocar\u00e1 fuertes vientos y, adem\u00e1s, posibles lluvias y tormentas fuertes en algunas zonas. El alerta amarillo por tormentas rige para este viernes 1 de agosto en horas de la ma\u00f1ana en siete departamentos del sur:&#8230;<\/p>\n","protected":false},"author":3,"featured_media":124660,"comment_status":"closed","ping_status":"closed","sticky":false,"template":"","format":"standard","meta":[],"categories":[15],"tags":[],"_links":{"self":[{"href":"https:\/\/www.actualidadadiario.com\/index.php\/wp-json\/wp\/v2\/posts\/131326"}],"collection":[{"href":"https:\/\/www.actualidadadiario.com\/index.php\/wp-json\/wp\/v2\/posts"}],"about":[{"href":"https:\/\/www.actualidadadiario.com\/index.php\/wp-json\/wp\/v2\/types\/post"}],"author":[{"embeddable":true,"href":"https:\/\/www.actualidadadiario.com\/index.php\/wp-json\/wp\/v2\/users\/3"}],"replies":[{"embeddable":true,"href":"https:\/\/www.actualidadadiario.com\/index.php\/wp-json\/wp\/v2\/comments?post=131326"}],"version-history":[{"count":1,"href":"https:\/\/www.actualidadadiario.com\/index.php\/wp-json\/wp\/v2\/posts\/131326\/revisions"}],"predecessor-version":[{"id":131327,"href":"https:\/\/www.actualidadadiario.com\/index.php\/wp-json\/wp\/v2\/posts\/131326\/revisions\/131327"}],"wp:featuredmedia":[{"embeddable":true,"href":"https:\/\/www.actualidadadiario.com\/index.php\/wp-json\/wp\/v2\/media\/124660"}],"wp:attachment":[{"href":"https:\/\/www.actualidadadiario.com\/index.php\/wp-json\/wp\/v2\/media?parent=131326"}],"wp:term":[{"taxonomy":"category","embeddable":true,"href":"https:\/\/www.actualidadadiario.com\/index.php\/wp-json\/wp\/v2\/categories?post=131326"},{"taxonomy":"post_tag","embeddable":true,"href":"https:\/\/www.actualidadadiario.com\/index.php\/wp-json\/wp\/v2\/tags?post=131326"}],"curies":[{"name":"wp","href":"https:\/\/api.w.org\/{rel}","templated":true}]}}