{"id":131321,"date":"2025-07-31T09:30:15","date_gmt":"2025-07-31T12:30:15","guid":{"rendered":"https:\/\/www.actualidadadiario.com\/?p=131321"},"modified":"2025-07-31T09:30:15","modified_gmt":"2025-07-31T12:30:15","slug":"se-integraron-al-comite-contra-la-tortura-los-representantes-de-los-poderes-legislativo-y-ejecutivo","status":"publish","type":"post","link":"https:\/\/www.actualidadadiario.com\/index.php\/2025\/07\/31\/se-integraron-al-comite-contra-la-tortura-los-representantes-de-los-poderes-legislativo-y-ejecutivo\/","title":{"rendered":"Se integraron al Comit\u00e9 contra la Tortura los representantes de los poderes Legislativo y Ejecutivo"},"content":{"rendered":"<p style=\"text-align: center;\"><em><strong>Con la integraci\u00f3n de los representantes de los poderes Legislativo y Ejecutivo culmin\u00f3 el proceso de conformaci\u00f3n del Comit\u00e9 Provincial de Prevenci\u00f3n de la Tortura, organismo que tiene a su cargo controlar las condiciones de detenci\u00f3n en la provincia<\/strong><\/em><\/p>\n<p>&nbsp;<\/p>\n<p>&nbsp;<\/p>\n<p>El Comit\u00e9 es integrado por el senador Juan Pablo Cosso \u2013quien fue electo presidente\u2013, la diputada Silvina Decc\u00f3 y el diputado Gallay por el Poder Legislativo; Mar\u00eda Emma Bargagna, directora de Derechos Humanos, por el Poder Ejecutivo; y Sof\u00eda Stamatti e Ignacio Journ\u00e9 en representaci\u00f3n de las organizaciones de la sociedad civil.<\/p>\n<p>\u201cFinalmente terminamos con el proceso de conformaci\u00f3n del Comit\u00e9, que se cre\u00f3 en 2018 y tuvo una modificaci\u00f3n en 2023, y que tiene por objeto prevenir la tortura y las penas crueles, inhumanas y degradantes que se dan en situaciones de detenci\u00f3n como unidades penitenciarias, alcaid\u00edas y residencias socioeducativas\u201d, explic\u00f3 el diputado Silvio Gallay, uno de los representantes del Poder Legislativo en el Comit\u00e9.<\/p>\n<p>Asimismo, el legislador destac\u00f3 el trabajo realizado hasta ahora por los representantes de las organizaciones de derechos humanos, lo cual permiti\u00f3 \u201csostener\u201d el Comit\u00e9 mientras se concretaban las designaciones de los representantes del Ejecutivo y la Legislatura. \u201cEllos recorrieron las unidades penales de la provincia y elaboraron informes para ser presentados ante la Comisi\u00f3n Bicameral de Derechos Humanos, que debe con esos informes elaborar pol\u00edticas p\u00fablicas para la mejora de las condiciones de detenci\u00f3n de las personas que est\u00e1n all\u00ed\u201d, dijo.<\/p>\n<p>Adem\u00e1s de las c\u00e1rceles y comisar\u00edas, el diputado subray\u00f3 que el Comit\u00e9 tambi\u00e9n debe controlar los centros socioeducativos cerrados que dependen del Consejo Provincial del Ni\u00f1o, el Adolescente y la Familia (Copnaf): \u201cEstamos hablando de chicos de entre 14 y 18 a\u00f1os y nosotros tenemos que garantizar y velar por sus derechos humanos. Es important\u00edsimo cumplir con ese objetivo, porque son menores\u201d.<\/p>\n<p>\u201cTenemos que tener en cuenta que cuando se comete un delito lo que se priva es la libertad ambulatoria, porque hay mucha gente que cree que cuando una persona comete un delito tiene que estar privado de todos sus derechos\u201d, agreg\u00f3.<\/p>\n<p>En cuanto a la situaci\u00f3n de la poblaci\u00f3n carcelaria, Gallay mencion\u00f3 que hubo un crecimiento significativo en la \u00faltima d\u00e9cada: en 2013 las personas privadas de su libertad en los distintos establecimientos de Entre R\u00edos eran 1.060, mientras que en 2024 eran 2.800, lo cual implica un aumento del 160%. No obstante, consider\u00f3: \u201cTenemos hoy ocho unidades penales, con capacidad para 2.758 personas, es decir que la sobrepoblaci\u00f3n es del 1,54%, que es un n\u00famero muy bajo en t\u00e9rminos comparativos con otras provincias\u201d.<\/p>\n","protected":false},"excerpt":{"rendered":"<p>Con la integraci\u00f3n de los representantes de los poderes Legislativo y Ejecutivo culmin\u00f3 el proceso de conformaci\u00f3n del Comit\u00e9 Provincial de Prevenci\u00f3n de la Tortura, organismo que tiene a su cargo controlar las condiciones de detenci\u00f3n en la provincia &nbsp; &nbsp; El Comit\u00e9 es integrado por el senador Juan Pablo Cosso \u2013quien fue electo presidente\u2013, la diputada Silvina Decc\u00f3 y el diputado Gallay por el Poder Legislativo; Mar\u00eda Emma Bargagna, directora de Derechos Humanos, por el Poder Ejecutivo; y Sof\u00eda Stamatti e Ignacio Journ\u00e9 en representaci\u00f3n de las organizaciones de&#8230;<\/p>\n","protected":false},"author":3,"featured_media":131322,"comment_status":"closed","ping_status":"closed","sticky":false,"template":"","format":"standard","meta":[],"categories":[15],"tags":[],"_links":{"self":[{"href":"https:\/\/www.actualidadadiario.com\/index.php\/wp-json\/wp\/v2\/posts\/131321"}],"collection":[{"href":"https:\/\/www.actualidadadiario.com\/index.php\/wp-json\/wp\/v2\/posts"}],"about":[{"href":"https:\/\/www.actualidadadiario.com\/index.php\/wp-json\/wp\/v2\/types\/post"}],"author":[{"embeddable":true,"href":"https:\/\/www.actualidadadiario.com\/index.php\/wp-json\/wp\/v2\/users\/3"}],"replies":[{"embeddable":true,"href":"https:\/\/www.actualidadadiario.com\/index.php\/wp-json\/wp\/v2\/comments?post=131321"}],"version-history":[{"count":1,"href":"https:\/\/www.actualidadadiario.com\/index.php\/wp-json\/wp\/v2\/posts\/131321\/revisions"}],"predecessor-version":[{"id":131323,"href":"https:\/\/www.actualidadadiario.com\/index.php\/wp-json\/wp\/v2\/posts\/131321\/revisions\/131323"}],"wp:featuredmedia":[{"embeddable":true,"href":"https:\/\/www.actualidadadiario.com\/index.php\/wp-json\/wp\/v2\/media\/131322"}],"wp:attachment":[{"href":"https:\/\/www.actualidadadiario.com\/index.php\/wp-json\/wp\/v2\/media?parent=131321"}],"wp:term":[{"taxonomy":"category","embeddable":true,"href":"https:\/\/www.actualidadadiario.com\/index.php\/wp-json\/wp\/v2\/categories?post=131321"},{"taxonomy":"post_tag","embeddable":true,"href":"https:\/\/www.actualidadadiario.com\/index.php\/wp-json\/wp\/v2\/tags?post=131321"}],"curies":[{"name":"wp","href":"https:\/\/api.w.org\/{rel}","templated":true}]}}