{"id":130984,"date":"2025-07-22T11:32:38","date_gmt":"2025-07-22T14:32:38","guid":{"rendered":"https:\/\/www.actualidadadiario.com\/?p=130984"},"modified":"2025-07-22T11:32:38","modified_gmt":"2025-07-22T14:32:38","slug":"fecha-limite-para-vetar-el-aumento-a-las-jubilaciones","status":"publish","type":"post","link":"https:\/\/www.actualidadadiario.com\/index.php\/2025\/07\/22\/fecha-limite-para-vetar-el-aumento-a-las-jubilaciones\/","title":{"rendered":"Fecha l\u00edmite para vetar el aumento a las jubilaciones"},"content":{"rendered":"<p style=\"text-align: center;\"><em><strong>El Congreso gir\u00f3 al Poder Ejecutivo las leyes previsionales y comenz\u00f3 a correr el plazo<\/strong><\/em><\/p>\n<p>&nbsp;<\/p>\n<p>&nbsp;<\/p>\n<p>Los proyectos de aumentos de las jubilaciones, extensi\u00f3n de la pr\u00f3rroga de la moratoria y de declaraci\u00f3n de emergencia en Discapacidad, fueron girados ayer al Poder Ejecutivo por lo que el presidente Javier Milei tendr\u00e1 tiempo hasta el pr\u00f3ximo 4 de agosto para vetar esas iniciativas.<\/p>\n<p>El proyecto impulsado por la oposici\u00f3n establece un aumento del 7,2% de los haberes jubilatorios, un incremento del bono que cobran los adultos mayores que perciben la m\u00ednima de 70 a 110 mil pesos, la extensi\u00f3n de la moratoria que termin\u00f3 en marzo por dos a\u00f1os y la declaraci\u00f3n en emergencia en materia de Discapacidad.<\/p>\n<p>El Gobierno puede vetar en forma total o parcial los proyectos y luego debe girarlos al Congreso, que podr\u00e1 insistir con la sanci\u00f3n original de las leyes aprobadas pero para eso debe reunir el respaldo de los dos tercios de los legisladores presentes en la sesi\u00f3n; si en cambio el oficialismo re\u00fane un tercio, queda confirmada la resoluci\u00f3n gubernamental.<\/p>\n<p>&nbsp;<\/p>\n<p><strong>Qu\u00e9 necesita el Gobierno para mantener el veto<\/strong><\/p>\n<p>La \u00fanica posibilidad que tiene el Gobierno para mantener los vetos es conseguir ese tercio en la C\u00e1mara de Diputados, ya que en el Senado la votaci\u00f3n super\u00f3 ampliamente los dos tercios en el caso del aumento de las jubilaciones y la declaraci\u00f3n de emergencia en Discapacidad.<\/p>\n<p>La ley sobre la moratoria no juntar\u00e1 los dos tercios porque en Diputados apenas triunf\u00f3 por 111 contra 100 y 15 abstenciones, pero s\u00ed puede conseguir esa mayor\u00eda agravada en la ley sobre aumento de las jubilaciones.<\/p>\n<p>El proyecto de aumento de las jubilaciones fue sancionado por 142 votos afirmativos, 67 negativos y 19 abstenciones, pero para eso debe conseguir m\u00e1s voluntades porque, si reuniera la misma cantidad de asistencias, necesitar\u00eda 146 votos.<\/p>\n<p>El proyecto para garantizar un aumento de las pensiones y las prestaciones por discapacidad se vot\u00f3 con 143 votos a favor, 71 en contra y 3 abstenciones, con lo cual, si se consiguiera la misma de cantidad de legisladores presentes, la oposici\u00f3n necesitar\u00e1 144 votos.<\/p>\n","protected":false},"excerpt":{"rendered":"<p>El Congreso gir\u00f3 al Poder Ejecutivo las leyes previsionales y comenz\u00f3 a correr el plazo &nbsp; &nbsp; Los proyectos de aumentos de las jubilaciones, extensi\u00f3n de la pr\u00f3rroga de la moratoria y de declaraci\u00f3n de emergencia en Discapacidad, fueron girados ayer al Poder Ejecutivo por lo que el presidente Javier Milei tendr\u00e1 tiempo hasta el pr\u00f3ximo 4 de agosto para vetar esas iniciativas. El proyecto impulsado por la oposici\u00f3n establece un aumento del 7,2% de los haberes jubilatorios, un incremento del bono que cobran los adultos mayores que perciben la&#8230;<\/p>\n","protected":false},"author":3,"featured_media":69476,"comment_status":"closed","ping_status":"closed","sticky":false,"template":"","format":"standard","meta":[],"categories":[18],"tags":[],"_links":{"self":[{"href":"https:\/\/www.actualidadadiario.com\/index.php\/wp-json\/wp\/v2\/posts\/130984"}],"collection":[{"href":"https:\/\/www.actualidadadiario.com\/index.php\/wp-json\/wp\/v2\/posts"}],"about":[{"href":"https:\/\/www.actualidadadiario.com\/index.php\/wp-json\/wp\/v2\/types\/post"}],"author":[{"embeddable":true,"href":"https:\/\/www.actualidadadiario.com\/index.php\/wp-json\/wp\/v2\/users\/3"}],"replies":[{"embeddable":true,"href":"https:\/\/www.actualidadadiario.com\/index.php\/wp-json\/wp\/v2\/comments?post=130984"}],"version-history":[{"count":1,"href":"https:\/\/www.actualidadadiario.com\/index.php\/wp-json\/wp\/v2\/posts\/130984\/revisions"}],"predecessor-version":[{"id":130985,"href":"https:\/\/www.actualidadadiario.com\/index.php\/wp-json\/wp\/v2\/posts\/130984\/revisions\/130985"}],"wp:featuredmedia":[{"embeddable":true,"href":"https:\/\/www.actualidadadiario.com\/index.php\/wp-json\/wp\/v2\/media\/69476"}],"wp:attachment":[{"href":"https:\/\/www.actualidadadiario.com\/index.php\/wp-json\/wp\/v2\/media?parent=130984"}],"wp:term":[{"taxonomy":"category","embeddable":true,"href":"https:\/\/www.actualidadadiario.com\/index.php\/wp-json\/wp\/v2\/categories?post=130984"},{"taxonomy":"post_tag","embeddable":true,"href":"https:\/\/www.actualidadadiario.com\/index.php\/wp-json\/wp\/v2\/tags?post=130984"}],"curies":[{"name":"wp","href":"https:\/\/api.w.org\/{rel}","templated":true}]}}