{"id":129753,"date":"2025-06-11T11:21:09","date_gmt":"2025-06-11T14:21:09","guid":{"rendered":"https:\/\/www.actualidadadiario.com\/?p=129753"},"modified":"2025-06-11T11:21:09","modified_gmt":"2025-06-11T14:21:09","slug":"se-aproxima-otro-frente-de-lluvias-y-tormentas-a-entre-rios","status":"publish","type":"post","link":"https:\/\/www.actualidadadiario.com\/index.php\/2025\/06\/11\/se-aproxima-otro-frente-de-lluvias-y-tormentas-a-entre-rios\/","title":{"rendered":"Se aproxima otro frente de lluvias y tormentas a Entre R\u00edos"},"content":{"rendered":"<p style=\"text-align: center;\"><em><strong>Este mi\u00e9rcoles y jueves se espera buen tiempo en Entre R\u00edos, con temperaturas bajas por la ma\u00f1ana. M\u00e1s cerca del fin de semana prev\u00e9n inestabilidades<\/strong><\/em><\/p>\n<p>&nbsp;<\/p>\n<p>&nbsp;<\/p>\n<p>El Servicio Meteorol\u00f3gico Nacional -SMN- indica que un frente de lluvias y tormentas se aproxima a Entre R\u00edos. Este fen\u00f3meno se dar\u00eda fundamentalmente los d\u00edas viernes y s\u00e1bado.<\/p>\n<p>De acuerdo al pron\u00f3stico extendido, este mi\u00e9rcoles y jueves se presentar\u00e1n con buenas condiciones del tiempo. Se esperan jornadas frescas de ma\u00f1ana y agradables de tarde, con poca nubosidad.<\/p>\n<p>A partir del viernes volver\u00edan las inestabilidades. Se pronostican lluvias, lloviznas y ocasionales tormentas aisladas en distintos puntos del territorio provincial, anticipa el SMN.<\/p>\n<p>Las condiciones del tiempo volver\u00edan a mejorar reci\u00e9n a partir del domingo. Para la celebraci\u00f3n del D\u00eda del Padre, no hay anuncio de precipitaciones en Entre R\u00edos y se prev\u00e9 que bajar\u00e1 la nubosidad.<\/p>\n<p>En cuanto a las temperaturas, este mi\u00e9rcoles ser\u00e1 el d\u00eda m\u00e1s fresco. Para este jueves repuntar\u00edan suavemente las t\u00e9rmicas y se mantendr\u00edan estables hasta la semana que viene, con m\u00ednimas de entre 8 y 12 grados y m\u00e1ximas hasta 17 grados.<\/p>\n","protected":false},"excerpt":{"rendered":"<p>Este mi\u00e9rcoles y jueves se espera buen tiempo en Entre R\u00edos, con temperaturas bajas por la ma\u00f1ana. M\u00e1s cerca del fin de semana prev\u00e9n inestabilidades &nbsp; &nbsp; El Servicio Meteorol\u00f3gico Nacional -SMN- indica que un frente de lluvias y tormentas se aproxima a Entre R\u00edos. Este fen\u00f3meno se dar\u00eda fundamentalmente los d\u00edas viernes y s\u00e1bado. De acuerdo al pron\u00f3stico extendido, este mi\u00e9rcoles y jueves se presentar\u00e1n con buenas condiciones del tiempo. Se esperan jornadas frescas de ma\u00f1ana y agradables de tarde, con poca nubosidad. A partir del viernes volver\u00edan las&#8230;<\/p>\n","protected":false},"author":3,"featured_media":129754,"comment_status":"closed","ping_status":"closed","sticky":false,"template":"","format":"standard","meta":[],"categories":[15],"tags":[],"_links":{"self":[{"href":"https:\/\/www.actualidadadiario.com\/index.php\/wp-json\/wp\/v2\/posts\/129753"}],"collection":[{"href":"https:\/\/www.actualidadadiario.com\/index.php\/wp-json\/wp\/v2\/posts"}],"about":[{"href":"https:\/\/www.actualidadadiario.com\/index.php\/wp-json\/wp\/v2\/types\/post"}],"author":[{"embeddable":true,"href":"https:\/\/www.actualidadadiario.com\/index.php\/wp-json\/wp\/v2\/users\/3"}],"replies":[{"embeddable":true,"href":"https:\/\/www.actualidadadiario.com\/index.php\/wp-json\/wp\/v2\/comments?post=129753"}],"version-history":[{"count":1,"href":"https:\/\/www.actualidadadiario.com\/index.php\/wp-json\/wp\/v2\/posts\/129753\/revisions"}],"predecessor-version":[{"id":129755,"href":"https:\/\/www.actualidadadiario.com\/index.php\/wp-json\/wp\/v2\/posts\/129753\/revisions\/129755"}],"wp:featuredmedia":[{"embeddable":true,"href":"https:\/\/www.actualidadadiario.com\/index.php\/wp-json\/wp\/v2\/media\/129754"}],"wp:attachment":[{"href":"https:\/\/www.actualidadadiario.com\/index.php\/wp-json\/wp\/v2\/media?parent=129753"}],"wp:term":[{"taxonomy":"category","embeddable":true,"href":"https:\/\/www.actualidadadiario.com\/index.php\/wp-json\/wp\/v2\/categories?post=129753"},{"taxonomy":"post_tag","embeddable":true,"href":"https:\/\/www.actualidadadiario.com\/index.php\/wp-json\/wp\/v2\/tags?post=129753"}],"curies":[{"name":"wp","href":"https:\/\/api.w.org\/{rel}","templated":true}]}}