{"id":129751,"date":"2025-06-11T11:19:21","date_gmt":"2025-06-11T14:19:21","guid":{"rendered":"https:\/\/www.actualidadadiario.com\/?p=129751"},"modified":"2025-06-11T12:17:07","modified_gmt":"2025-06-11T15:17:07","slug":"docentes-y-no-docentes-universitarios-entrerrianos-inician-paro-de-48-horas","status":"publish","type":"post","link":"https:\/\/www.actualidadadiario.com\/index.php\/2025\/06\/11\/docentes-y-no-docentes-universitarios-entrerrianos-inician-paro-de-48-horas\/","title":{"rendered":"Docentes y no docentes universitarios entrerrianos inician paro de 48 horas"},"content":{"rendered":"<p style=\"text-align: center;\"><em><strong>Profesores nucleados en la Asociaci\u00f3n Gremial de Docentes Universitarios (AGDU) y trabajadores administrativos y de servicios agrupados en la Asociaci\u00f3n del Personal de la UNER (Apuner) inician este mi\u00e9rcoles un paro de 48 horas en reclamo de la recuperaci\u00f3n de los salarios y mayor presupuesto para las universidades<\/strong><\/em><\/p>\n<p>&nbsp;<\/p>\n<p>&nbsp;<\/p>\n<p>La medida fue decidida por Conadu en un Plenario de Secretarios Generales del que particip\u00f3 AGDU, que agrupa a docentes de la Universidad Nacional de Entre R\u00edos (UNER). Luego se sumaron los nodocentes de Apuner. Reclaman adem\u00e1s el incremento de las becas estudiantiles y m\u00e1s presupuesto para ciencia y tecnolog\u00eda. El paro de 48 horas ser\u00e1 sin concurrencia a los lugares de trabajo.<\/p>\n<p>Tras evaluar la situaci\u00f3n salarial y presupuestaria de las universidades p\u00fablicas, el Plenario de la Federaci\u00f3n Nacional de Docentes Universitarios (Conadu) resolvi\u00f3 por unanimidad acciones a seguir:<\/p>\n<p>-Paro de 48 horas sin concurrencia a los lugares de trabajo el mi\u00e9rcoles 11 y jueves 12 de junio<\/p>\n<p>-Paro de 48 horas en la semana del 23 al 27 de junio<\/p>\n<p>-Marcha Nacional Universitaria esa misma semana, con movilizaciones simult\u00e1neas en todo el pa\u00eds<\/p>\n<p>-Acciones locales de visibilizaci\u00f3n<\/p>\n<p>En el Plenario se evalu\u00f3 que los salarios se siguen deteriorando severamente, mientras el gobierno no s\u00f3lo mantiene cerrada la paritaria nacional universitaria, sino que ha anunciado que el sector p\u00fablico nacional no recibir\u00e1 ning\u00fan aumento.<\/p>\n<p>Por su parte, desde Apuner se inform\u00f3 su adhesi\u00f3n al paro de este mi\u00e9rcoles y jueves \u201cante la permanente devaluaci\u00f3n de nuestros salarios y el cierre de la paritaria nacional de los trabajadores del sistema universitario\u201d.<\/p>\n<p>\u201cContinuaremos el reclamo al Congreso Nacional para que se sancione una ley que repare la p\u00e9rdida salarial y presupuestaria. Tambi\u00e9n reclamamos que asegure la convocatoria a paritarias y la ampliaci\u00f3n progresiva del financiamiento necesario para el sostenimiento y desarrollo del sistema universitario, en los t\u00e9rminos planteados en el Proyecto elaborado por la representaci\u00f3n de los Gremios Docentes y Nodocente, el movimiento estudiantil y el Consejo Interuniversitario Nacional\u201d, apunt\u00f3 el sindicato que agrupa a trabajadores administrativos y de servicios de UNER.<\/p>\n","protected":false},"excerpt":{"rendered":"<p>Profesores nucleados en la Asociaci\u00f3n Gremial de Docentes Universitarios (AGDU) y trabajadores administrativos y de servicios agrupados en la Asociaci\u00f3n del Personal de la UNER (Apuner) inician este mi\u00e9rcoles un paro de 48 horas en reclamo de la recuperaci\u00f3n de los salarios y mayor presupuesto para las universidades &nbsp; &nbsp; La medida fue decidida por Conadu en un Plenario de Secretarios Generales del que particip\u00f3 AGDU, que agrupa a docentes de la Universidad Nacional de Entre R\u00edos (UNER). Luego se sumaron los nodocentes de Apuner. Reclaman adem\u00e1s el incremento de&#8230;<\/p>\n","protected":false},"author":3,"featured_media":120966,"comment_status":"closed","ping_status":"closed","sticky":false,"template":"","format":"standard","meta":[],"categories":[15],"tags":[],"_links":{"self":[{"href":"https:\/\/www.actualidadadiario.com\/index.php\/wp-json\/wp\/v2\/posts\/129751"}],"collection":[{"href":"https:\/\/www.actualidadadiario.com\/index.php\/wp-json\/wp\/v2\/posts"}],"about":[{"href":"https:\/\/www.actualidadadiario.com\/index.php\/wp-json\/wp\/v2\/types\/post"}],"author":[{"embeddable":true,"href":"https:\/\/www.actualidadadiario.com\/index.php\/wp-json\/wp\/v2\/users\/3"}],"replies":[{"embeddable":true,"href":"https:\/\/www.actualidadadiario.com\/index.php\/wp-json\/wp\/v2\/comments?post=129751"}],"version-history":[{"count":1,"href":"https:\/\/www.actualidadadiario.com\/index.php\/wp-json\/wp\/v2\/posts\/129751\/revisions"}],"predecessor-version":[{"id":129752,"href":"https:\/\/www.actualidadadiario.com\/index.php\/wp-json\/wp\/v2\/posts\/129751\/revisions\/129752"}],"wp:featuredmedia":[{"embeddable":true,"href":"https:\/\/www.actualidadadiario.com\/index.php\/wp-json\/wp\/v2\/media\/120966"}],"wp:attachment":[{"href":"https:\/\/www.actualidadadiario.com\/index.php\/wp-json\/wp\/v2\/media?parent=129751"}],"wp:term":[{"taxonomy":"category","embeddable":true,"href":"https:\/\/www.actualidadadiario.com\/index.php\/wp-json\/wp\/v2\/categories?post=129751"},{"taxonomy":"post_tag","embeddable":true,"href":"https:\/\/www.actualidadadiario.com\/index.php\/wp-json\/wp\/v2\/tags?post=129751"}],"curies":[{"name":"wp","href":"https:\/\/api.w.org\/{rel}","templated":true}]}}