{"id":129749,"date":"2025-06-11T11:17:51","date_gmt":"2025-06-11T14:17:51","guid":{"rendered":"https:\/\/www.actualidadadiario.com\/?p=129749"},"modified":"2025-06-11T11:17:51","modified_gmt":"2025-06-11T14:17:51","slug":"renunciaron-dos-funcionarios-de-ater","status":"publish","type":"post","link":"https:\/\/www.actualidadadiario.com\/index.php\/2025\/06\/11\/renunciaron-dos-funcionarios-de-ater\/","title":{"rendered":"Renunciaron dos funcionarios de ATER"},"content":{"rendered":"<p style=\"text-align: center;\"><em><strong>\u201cHay funcionarios que no conocemos y cuya funci\u00f3n es poco clara\u201d. La frase parti\u00f3 de boca de Ariel Mamone, delegado de ATE por la Direcci\u00f3n de Catastro, al referirse a la situaci\u00f3n interna de la Administradora Tributaria de Entre R\u00edos (ATER)<\/strong><\/em><\/p>\n<p>&nbsp;<\/p>\n<p>&nbsp;<\/p>\n<p>Aunque Mamone se cuid\u00f3 de dar nombres, trascendi\u00f3 que en la lista de esos funcionarios \u201csin rostro\u201d, apodados por los gremialistas como \u201cfantasmas\u201d, figuraban Rodrigo L\u00f3pez y Didier Jourdan.<\/p>\n<p>Seg\u00fan las resoluciones 234 y 235 de ATER, fechadas este martes 10 de junio de 2025, ambos acaban de renunciar.<\/p>\n<p>En efecto, en la 234, firmada al pie por el Contador Jes\u00fas Rafael Korell, el organismo recaudador le acepta la dimisi\u00f3n a Didier Jourdan al cargo de Sub Director de Relaci\u00f3n con el Contribuyente. Seg\u00fan el texto de la resoluci\u00f3n, el ahora exfuncionario aleg\u00f3 \u201crazones de \u00edndole estrictamente personal\u201d para abandonar el barco.<\/p>\n<p>La otra resoluci\u00f3n, la 235, es casi un calco de la anterior. S\u00f3lo cambia el nombre del renunciante, que en este caso es Rodrigo Mart\u00edn L\u00f3pez, hasta ayer Subdirector de Catastro, quien tambi\u00e9n se va por \u201crazones de \u00edndole estrictamente personal\u201d\u2026<\/p>\n<p>A principios de mayo, el gremio hab\u00eda impulsado medidas de fuerza. Los reproches a la conducci\u00f3n se centraban en la instrumentaci\u00f3n de la boleta digital, \u201creestructuraciones y traslados sin explicaci\u00f3n t\u00e9cnica o administrativa convincente\u201d y en la existencia de \u201cfuncionarios que no conocemos y cuya funci\u00f3n es poco clara\u201d.<\/p>\n<p>Entre los se\u00f1alados en esta \u00faltima condici\u00f3n est\u00e1n ambos \u201crenunciantes\u201d. Jourdan es hijo de un hist\u00f3rico del peronismo de San Jos\u00e9, en el departamento Col\u00f3n. L\u00f3pez, en cambio, es un abogado originario de Buenos Aires.<\/p>\n","protected":false},"excerpt":{"rendered":"<p>\u201cHay funcionarios que no conocemos y cuya funci\u00f3n es poco clara\u201d. La frase parti\u00f3 de boca de Ariel Mamone, delegado de ATE por la Direcci\u00f3n de Catastro, al referirse a la situaci\u00f3n interna de la Administradora Tributaria de Entre R\u00edos (ATER) &nbsp; &nbsp; Aunque Mamone se cuid\u00f3 de dar nombres, trascendi\u00f3 que en la lista de esos funcionarios \u201csin rostro\u201d, apodados por los gremialistas como \u201cfantasmas\u201d, figuraban Rodrigo L\u00f3pez y Didier Jourdan. Seg\u00fan las resoluciones 234 y 235 de ATER, fechadas este martes 10 de junio de 2025, ambos acaban&#8230;<\/p>\n","protected":false},"author":3,"featured_media":124315,"comment_status":"closed","ping_status":"closed","sticky":false,"template":"","format":"standard","meta":[],"categories":[15],"tags":[],"_links":{"self":[{"href":"https:\/\/www.actualidadadiario.com\/index.php\/wp-json\/wp\/v2\/posts\/129749"}],"collection":[{"href":"https:\/\/www.actualidadadiario.com\/index.php\/wp-json\/wp\/v2\/posts"}],"about":[{"href":"https:\/\/www.actualidadadiario.com\/index.php\/wp-json\/wp\/v2\/types\/post"}],"author":[{"embeddable":true,"href":"https:\/\/www.actualidadadiario.com\/index.php\/wp-json\/wp\/v2\/users\/3"}],"replies":[{"embeddable":true,"href":"https:\/\/www.actualidadadiario.com\/index.php\/wp-json\/wp\/v2\/comments?post=129749"}],"version-history":[{"count":1,"href":"https:\/\/www.actualidadadiario.com\/index.php\/wp-json\/wp\/v2\/posts\/129749\/revisions"}],"predecessor-version":[{"id":129750,"href":"https:\/\/www.actualidadadiario.com\/index.php\/wp-json\/wp\/v2\/posts\/129749\/revisions\/129750"}],"wp:featuredmedia":[{"embeddable":true,"href":"https:\/\/www.actualidadadiario.com\/index.php\/wp-json\/wp\/v2\/media\/124315"}],"wp:attachment":[{"href":"https:\/\/www.actualidadadiario.com\/index.php\/wp-json\/wp\/v2\/media?parent=129749"}],"wp:term":[{"taxonomy":"category","embeddable":true,"href":"https:\/\/www.actualidadadiario.com\/index.php\/wp-json\/wp\/v2\/categories?post=129749"},{"taxonomy":"post_tag","embeddable":true,"href":"https:\/\/www.actualidadadiario.com\/index.php\/wp-json\/wp\/v2\/tags?post=129749"}],"curies":[{"name":"wp","href":"https:\/\/api.w.org\/{rel}","templated":true}]}}