{"id":129746,"date":"2025-06-11T11:17:10","date_gmt":"2025-06-11T14:17:10","guid":{"rendered":"https:\/\/www.actualidadadiario.com\/?p=129746"},"modified":"2025-06-11T11:17:10","modified_gmt":"2025-06-11T14:17:10","slug":"frigerio-estuvo-en-el-inicio-de-gestion-de-oser","status":"publish","type":"post","link":"https:\/\/www.actualidadadiario.com\/index.php\/2025\/06\/11\/frigerio-estuvo-en-el-inicio-de-gestion-de-oser\/","title":{"rendered":"Frigerio estuvo en el inicio de gesti\u00f3n de OSER"},"content":{"rendered":"<p style=\"text-align: center;\"><em><strong>El gobernador Rogelio Frigerio encabez\u00f3 un encuentro con autoridades y trabajadores de la recientemente creada Obra Social de Entre R\u00edos (OSER), con el objetivo de dar inicio formal a una nueva etapa en la gesti\u00f3n del sistema de cobertura de salud para los trabajadores del Estado provincial<\/strong><\/em><\/p>\n<p>&nbsp;<\/p>\n<p>&nbsp;<\/p>\n<p>&#8220;Arrancamos una nueva etapa en la gesti\u00f3n de la obra social provincial con m\u00e1s transparencia, eficiencia y eficacia para garantizar mejores prestaciones a m\u00e1s de 300.000 afiliados&#8221;, afirm\u00f3 el mandatario al recorrer las instalaciones del organismo.<\/p>\n<p>La OSER estar\u00e1 dirigida por Mariano Gallegos y Ricardo Garc\u00eda, quienes asumieron el compromiso de liderar esta etapa de transformaci\u00f3n y consolidaci\u00f3n institucional. Acompa\u00f1aron al gobernador el secretario General de la Gobernaci\u00f3n, Mauricio Colello; el ministro de Gobierno y Trabajo, Manuel Troncoso y el ministro de Salud, Daniel Blanzaco.<\/p>\n<p>Durante la recorrida, Frigerio dialog\u00f3 con trabajadores y autoridades, y valor\u00f3 el esfuerzo realizado en los \u00faltimos seis meses durante el proceso de transici\u00f3n y normalizaci\u00f3n del sistema. &#8220;El gobernador agradeci\u00f3 al personal que estuvo muy comprometido y trabaj\u00f3 mucho para sacar esto adelante, y les destac\u00f3 el esfuerzo dedicado durante el per\u00edodo de intervenci\u00f3n&#8221;, expres\u00f3 Mariano Gallegos, uno de los flamantes directores de OSER.<\/p>\n<p>Por su parte, Ricardo Garc\u00eda llev\u00f3 tranquilidad a los afiliados y destac\u00f3 que &#8220;en estos d\u00edas no va a haber ning\u00fan cambio radical en cuanto a sus prestaciones, sus tratamientos o las autorizaciones que ven\u00edan pendientes&#8221;. A su vez, remarc\u00f3 que &#8220;esta nueva etapa buscar\u00e1 profundizar el contacto directo con el afiliado para facilitarle los tr\u00e1mites y eliminar todas las barreras&#8221;.<\/p>\n","protected":false},"excerpt":{"rendered":"<p>El gobernador Rogelio Frigerio encabez\u00f3 un encuentro con autoridades y trabajadores de la recientemente creada Obra Social de Entre R\u00edos (OSER), con el objetivo de dar inicio formal a una nueva etapa en la gesti\u00f3n del sistema de cobertura de salud para los trabajadores del Estado provincial &nbsp; &nbsp; &#8220;Arrancamos una nueva etapa en la gesti\u00f3n de la obra social provincial con m\u00e1s transparencia, eficiencia y eficacia para garantizar mejores prestaciones a m\u00e1s de 300.000 afiliados&#8221;, afirm\u00f3 el mandatario al recorrer las instalaciones del organismo. La OSER estar\u00e1 dirigida por&#8230;<\/p>\n","protected":false},"author":3,"featured_media":129747,"comment_status":"closed","ping_status":"closed","sticky":false,"template":"","format":"standard","meta":[],"categories":[15],"tags":[],"_links":{"self":[{"href":"https:\/\/www.actualidadadiario.com\/index.php\/wp-json\/wp\/v2\/posts\/129746"}],"collection":[{"href":"https:\/\/www.actualidadadiario.com\/index.php\/wp-json\/wp\/v2\/posts"}],"about":[{"href":"https:\/\/www.actualidadadiario.com\/index.php\/wp-json\/wp\/v2\/types\/post"}],"author":[{"embeddable":true,"href":"https:\/\/www.actualidadadiario.com\/index.php\/wp-json\/wp\/v2\/users\/3"}],"replies":[{"embeddable":true,"href":"https:\/\/www.actualidadadiario.com\/index.php\/wp-json\/wp\/v2\/comments?post=129746"}],"version-history":[{"count":1,"href":"https:\/\/www.actualidadadiario.com\/index.php\/wp-json\/wp\/v2\/posts\/129746\/revisions"}],"predecessor-version":[{"id":129748,"href":"https:\/\/www.actualidadadiario.com\/index.php\/wp-json\/wp\/v2\/posts\/129746\/revisions\/129748"}],"wp:featuredmedia":[{"embeddable":true,"href":"https:\/\/www.actualidadadiario.com\/index.php\/wp-json\/wp\/v2\/media\/129747"}],"wp:attachment":[{"href":"https:\/\/www.actualidadadiario.com\/index.php\/wp-json\/wp\/v2\/media?parent=129746"}],"wp:term":[{"taxonomy":"category","embeddable":true,"href":"https:\/\/www.actualidadadiario.com\/index.php\/wp-json\/wp\/v2\/categories?post=129746"},{"taxonomy":"post_tag","embeddable":true,"href":"https:\/\/www.actualidadadiario.com\/index.php\/wp-json\/wp\/v2\/tags?post=129746"}],"curies":[{"name":"wp","href":"https:\/\/api.w.org\/{rel}","templated":true}]}}