{"id":129740,"date":"2025-06-10T16:22:28","date_gmt":"2025-06-10T19:22:28","guid":{"rendered":"https:\/\/www.actualidadadiario.com\/?p=129740"},"modified":"2025-06-10T16:22:28","modified_gmt":"2025-06-10T19:22:28","slug":"serie-de-atentados-dejan-al-menos-siete-muertos-en-colombia","status":"publish","type":"post","link":"https:\/\/www.actualidadadiario.com\/index.php\/2025\/06\/10\/serie-de-atentados-dejan-al-menos-siete-muertos-en-colombia\/","title":{"rendered":"Serie de atentados dejan al menos siete muertos en Colombia"},"content":{"rendered":"<p style=\"text-align: center;\"><em><strong>Una seguidilla de ataques, explosiones y tiroteos causan estupor y temor en el pa\u00eds. Se trata de una de las peores arremetidas guerrilleras desde 2022<\/strong><\/em><\/p>\n<p>&nbsp;<\/p>\n<p>&nbsp;<\/p>\n<p>Al menos siete personas han muerto este martes (10.06.2025) en una veintena de ataques con disparos, coches bomba y drones lanzados por guerrilleros en el suroeste de Colombia, informaron las autoridades. En esa regi\u00f3n operan disidentes de la extinta guerrilla FARC que sostienen una guerra contra el gobierno del presidente Gustavo Petro. El general Carlos Triana, director de la Polic\u00eda Nacional, dijo que los ataques &#8220;indiscriminados&#8221; fueron registrados principalmente en los departamentos de Valle del Cauca y Cauca.<\/p>\n<p>En declaraciones a la emisora W Radio, Triana precis\u00f3 que hay dos polic\u00edas y dos civiles muertos. Adem\u00e1s se registran 12 heridos, entre ellos tres uniformados, agreg\u00f3. Sin embargo, un balance posterior de la Secretar\u00eda de Salud se\u00f1al\u00f3 que &#8220;se han confirmado 36 personas atendidas por los equipos de emergencias m\u00e9dicas. Entre ellas, tres menores de edad&#8221;.<\/p>\n<p>El ataque m\u00e1s grave se produjo en el caser\u00edo de Guachinte, donde cuatro personas perdieron la vida luego de que una bomba instalada en una barrera de se\u00f1alizaci\u00f3n vial explotara. Poco despu\u00e9s un polic\u00eda que montaba guardia en un peaje en la v\u00eda que une Popay\u00e1n con Cali fue acribillado con r\u00e1fagas de fusil. Tres polic\u00edas resultaron heridos en ese ataque.<\/p>\n<p>&nbsp;<\/p>\n<p><strong>En memoria de un comandante<\/strong><\/p>\n<p>M\u00e1s temprano, dos motos bomba explotaron en distintos puntos de Cali. Una de ellas estall\u00f3 cerca de una estaci\u00f3n policial, donde muri\u00f3 una persona y cinco resultaron heridas. En el norte del Cauca, en tanto, un ataque contra la estaci\u00f3n policial dej\u00f3 un polic\u00eda muerto, mientras en El Bordo y Corinto (Cauca), dos coches bomba hicieron explosi\u00f3n, sin dejar heridos, aunque s\u00ed provocando grandes da\u00f1os.<\/p>\n<p>Tambi\u00e9n se hallaron seis cilindros bomba en Palmira (Valle del Cauca), donde aparecieron mensajes alusivos a las disidencias de las FARC. El general Triana dijo que tambi\u00e9n hab\u00eda combates entre rebeldes y las fuerzas de seguridad en el poblado de Morales, y asegur\u00f3 que con estos actos los guerrilleros conmemoran a un comandante abatido por la Polic\u00eda en 2022.<\/p>\n<p>La de esta jornada es una de las peores arremetidas de guerrilleros durante el gobierno de Petro, que lleg\u00f3 al poder en agosto de 2022 con la idea de negociar la paz con todos los grupos armados ilegales del pa\u00eds, aunque hasta ahora no ha llegado a acuerdos con ninguno. Los rebeldes que operan en el suroeste del pa\u00eds obedecen \u00f3rdenes de alias Iv\u00e1n Mordisco, el principal cabecilla disidente de Colombia.<\/p>\n<p>Los ataques ocurren despu\u00e9s de un atentado el s\u00e1bado en Bogot\u00e1 contra Miguel Uribe Turbay, un senador y aspirante presidencial herido con tres balazos. El dirigente de 39 a\u00f1os est\u00e1 en cuidados intensivos en una cl\u00ednica de la capital y su estado es estable pero cr\u00edtico, seg\u00fan los m\u00e9dicos.<\/p>\n","protected":false},"excerpt":{"rendered":"<p>Una seguidilla de ataques, explosiones y tiroteos causan estupor y temor en el pa\u00eds. Se trata de una de las peores arremetidas guerrilleras desde 2022 &nbsp; &nbsp; Al menos siete personas han muerto este martes (10.06.2025) en una veintena de ataques con disparos, coches bomba y drones lanzados por guerrilleros en el suroeste de Colombia, informaron las autoridades. En esa regi\u00f3n operan disidentes de la extinta guerrilla FARC que sostienen una guerra contra el gobierno del presidente Gustavo Petro. El general Carlos Triana, director de la Polic\u00eda Nacional, dijo que&#8230;<\/p>\n","protected":false},"author":3,"featured_media":129741,"comment_status":"closed","ping_status":"closed","sticky":false,"template":"","format":"standard","meta":[],"categories":[4],"tags":[],"_links":{"self":[{"href":"https:\/\/www.actualidadadiario.com\/index.php\/wp-json\/wp\/v2\/posts\/129740"}],"collection":[{"href":"https:\/\/www.actualidadadiario.com\/index.php\/wp-json\/wp\/v2\/posts"}],"about":[{"href":"https:\/\/www.actualidadadiario.com\/index.php\/wp-json\/wp\/v2\/types\/post"}],"author":[{"embeddable":true,"href":"https:\/\/www.actualidadadiario.com\/index.php\/wp-json\/wp\/v2\/users\/3"}],"replies":[{"embeddable":true,"href":"https:\/\/www.actualidadadiario.com\/index.php\/wp-json\/wp\/v2\/comments?post=129740"}],"version-history":[{"count":1,"href":"https:\/\/www.actualidadadiario.com\/index.php\/wp-json\/wp\/v2\/posts\/129740\/revisions"}],"predecessor-version":[{"id":129742,"href":"https:\/\/www.actualidadadiario.com\/index.php\/wp-json\/wp\/v2\/posts\/129740\/revisions\/129742"}],"wp:featuredmedia":[{"embeddable":true,"href":"https:\/\/www.actualidadadiario.com\/index.php\/wp-json\/wp\/v2\/media\/129741"}],"wp:attachment":[{"href":"https:\/\/www.actualidadadiario.com\/index.php\/wp-json\/wp\/v2\/media?parent=129740"}],"wp:term":[{"taxonomy":"category","embeddable":true,"href":"https:\/\/www.actualidadadiario.com\/index.php\/wp-json\/wp\/v2\/categories?post=129740"},{"taxonomy":"post_tag","embeddable":true,"href":"https:\/\/www.actualidadadiario.com\/index.php\/wp-json\/wp\/v2\/tags?post=129740"}],"curies":[{"name":"wp","href":"https:\/\/api.w.org\/{rel}","templated":true}]}}