{"id":129722,"date":"2025-06-10T15:49:23","date_gmt":"2025-06-10T18:49:23","guid":{"rendered":"https:\/\/www.actualidadadiario.com\/?p=129722"},"modified":"2025-06-10T15:49:23","modified_gmt":"2025-06-10T18:49:23","slug":"la-cgt-denuncio-persecucion-y-proscripcion-politica-contra-cristina-kirchner","status":"publish","type":"post","link":"https:\/\/www.actualidadadiario.com\/index.php\/2025\/06\/10\/la-cgt-denuncio-persecucion-y-proscripcion-politica-contra-cristina-kirchner\/","title":{"rendered":"La CGT denunci\u00f3 &#8220;persecuci\u00f3n&#8221; y &#8220;proscripci\u00f3n&#8221; pol\u00edtica contra Cristina Kirchner"},"content":{"rendered":"<p style=\"text-align: center;\"><em><strong>En el medio del proceso judicial por la causa Vialidad, la CGT respald\u00f3 a Cristina Kirchner y repudi\u00f3 \u201cla embestida medi\u00e1tica y pol\u00edtica sobre la Justicia\u201d<\/strong><\/em><\/p>\n<p>&nbsp;<\/p>\n<p>&nbsp;<\/p>\n<p>La Confederaci\u00f3n General del Trabajo (CGT) expres\u00f3 su apoyo y solidaridad a Cristina Kirchner, quien podr\u00eda enfrentar una pena de c\u00e1rcel en la causa Vialidad. La entidad gremial public\u00f3 un documento en el que hizo referencia a los \u201cmecanismos de persecuci\u00f3n y proscripci\u00f3n pol\u00edtica\u201d contra la expresidenta.<\/p>\n<p>La CGT asegur\u00f3 que \u201ccualquier fallo que ponga en cuesti\u00f3n las reglas democr\u00e1ticas, no hace m\u00e1s que alterar el normal funcionamiento institucional de la Naci\u00f3n&#8221;. Sobre todo, en las \u201dv\u00edsperas de una nueva elecci\u00f3n\u201d en la que Cristina Kirchner se present\u00f3 como diputada provincial.<\/p>\n<p>De confirmarse el fallo de la Corte Suprema de Justicia, Fern\u00e1ndez de Kirchner deber\u00e1 enfrentar una pena de seis a\u00f1os de prisi\u00f3n y la inhabilitaci\u00f3n perpetua para ejercer cargos p\u00fablicos. Es decir, su candidatura ser\u00eda dada de baja y el PJ deber\u00eda rearmar la estrategia electoral rumbo a los comicios del 7 de septiembre en la provincia de Buenos Aires. La CGT no dud\u00f3: \u201cLa democracia est\u00e1 en peligro\u201d.<\/p>\n<p>&nbsp;<\/p>\n<p><strong>La CGT con Cristina Kirchner: la carta de apoyo en la causa Vialidad<\/strong><\/p>\n<p>La entidad, presidida por H\u00e9ctor Daer, compar\u00f3 la situaci\u00f3n de Cristina con la que vivi\u00f3 el presidente de Brasil, Luis In\u00e1cio \u201cLula\u201d da Silva, cuando el Poder Judicial lo conden\u00f3 en una causa que despu\u00e9s fue desestimada. Frente a este complicado panorama en la oposici\u00f3n, la CGT recalc\u00f3 que \u201ces la voluntad popular la que debe ser resguardada&#8221; y que es solo ella la que \u201cpuede decidir, a trav\u00e9s de elecciones libres, qui\u00e9nes ser\u00e1n sus representantes\u201d. Sobre todo, \u201dsin interferencias de otros poderes que obstaculicen ese acto de soberan\u00eda constitucional&#8221;.<\/p>\n<p>Desde la CGT tambi\u00e9n denunciaron que hubo una \u201cembestida medi\u00e1tica y pol\u00edtica sobre la Justicia\u201d y exigi\u00f3 \u201cresponsabilidad al Poder Judicial para que act\u00fae con la integridad que la ley exige y la sociedad le reclama\u201d. \u201cExpresamos nuestra solidaridad y apoyo incondicional a nuestra compa\u00f1era, dos veces presidenta de la Naci\u00f3n, Cristina Fern\u00e1ndez de Kirchner\u201d, reza el comunicado publicado durante el mediod\u00eda de este martes.<\/p>\n<p>A pesar de su expl\u00edcito apoyo a la expresidenta, la central obrera aclar\u00f3 que la \u201cpersecuci\u00f3n a los candidatos\u201d es condenable en \u201ccualquier otra organizaci\u00f3n que defienda los intereses nacionales y populares\u201d. Esto, para la entidad, \u201ces una condici\u00f3n necesaria para imponer un modelo econ\u00f3mico y social de desigualdad, fragmentaci\u00f3n y empobrecimiento de las mayor\u00edas\u201d.<\/p>\n","protected":false},"excerpt":{"rendered":"<p>En el medio del proceso judicial por la causa Vialidad, la CGT respald\u00f3 a Cristina Kirchner y repudi\u00f3 \u201cla embestida medi\u00e1tica y pol\u00edtica sobre la Justicia\u201d &nbsp; &nbsp; La Confederaci\u00f3n General del Trabajo (CGT) expres\u00f3 su apoyo y solidaridad a Cristina Kirchner, quien podr\u00eda enfrentar una pena de c\u00e1rcel en la causa Vialidad. La entidad gremial public\u00f3 un documento en el que hizo referencia a los \u201cmecanismos de persecuci\u00f3n y proscripci\u00f3n pol\u00edtica\u201d contra la expresidenta. La CGT asegur\u00f3 que \u201ccualquier fallo que ponga en cuesti\u00f3n las reglas democr\u00e1ticas, no hace&#8230;<\/p>\n","protected":false},"author":3,"featured_media":129723,"comment_status":"closed","ping_status":"closed","sticky":false,"template":"","format":"standard","meta":[],"categories":[9],"tags":[],"_links":{"self":[{"href":"https:\/\/www.actualidadadiario.com\/index.php\/wp-json\/wp\/v2\/posts\/129722"}],"collection":[{"href":"https:\/\/www.actualidadadiario.com\/index.php\/wp-json\/wp\/v2\/posts"}],"about":[{"href":"https:\/\/www.actualidadadiario.com\/index.php\/wp-json\/wp\/v2\/types\/post"}],"author":[{"embeddable":true,"href":"https:\/\/www.actualidadadiario.com\/index.php\/wp-json\/wp\/v2\/users\/3"}],"replies":[{"embeddable":true,"href":"https:\/\/www.actualidadadiario.com\/index.php\/wp-json\/wp\/v2\/comments?post=129722"}],"version-history":[{"count":1,"href":"https:\/\/www.actualidadadiario.com\/index.php\/wp-json\/wp\/v2\/posts\/129722\/revisions"}],"predecessor-version":[{"id":129724,"href":"https:\/\/www.actualidadadiario.com\/index.php\/wp-json\/wp\/v2\/posts\/129722\/revisions\/129724"}],"wp:featuredmedia":[{"embeddable":true,"href":"https:\/\/www.actualidadadiario.com\/index.php\/wp-json\/wp\/v2\/media\/129723"}],"wp:attachment":[{"href":"https:\/\/www.actualidadadiario.com\/index.php\/wp-json\/wp\/v2\/media?parent=129722"}],"wp:term":[{"taxonomy":"category","embeddable":true,"href":"https:\/\/www.actualidadadiario.com\/index.php\/wp-json\/wp\/v2\/categories?post=129722"},{"taxonomy":"post_tag","embeddable":true,"href":"https:\/\/www.actualidadadiario.com\/index.php\/wp-json\/wp\/v2\/tags?post=129722"}],"curies":[{"name":"wp","href":"https:\/\/api.w.org\/{rel}","templated":true}]}}